{"id":359606,"date":"2025-09-02T01:12:15","date_gmt":"2025-09-02T01:12:15","guid":{"rendered":"https:\/\/www.europesays.com\/fr\/359606\/"},"modified":"2025-09-02T01:12:15","modified_gmt":"2025-09-02T01:12:15","slug":"taxe-fonciere-ces-communes-ou-elle-augmente-le-plus-en-2025","status":"publish","type":"post","link":"https:\/\/www.europesays.com\/fr\/359606\/","title":{"rendered":"Taxe fonci\u00e8re\u00a0: ces communes o\u00f9 elle augmente le plus en 2025"},"content":{"rendered":"<p class=\"paragraph text_align_left lp-f-body-02\">Certains contribuables l\u2019ont d\u00e9j\u00e0 re\u00e7u. Les autres l\u2019auront en main avant la fin du mois de septembre. Mais, avant m\u00eame d\u2019examiner leur <a href=\"https:\/\/www.leparisien.fr\/economie\/taxe-fonciere-calendrier-proprietaires-concernes-tout-ce-quil-faut-savoir-sur-lavis-que-vous-commencez-a-recevoir-26-08-2025-UASKS5WC6NGLJD2JKUWY4FSL3U.php\" target=\"_self\" rel=\"noopener\">avis de taxe fonci\u00e8re,<\/a> tous savent d\u00e9j\u00e0 qu\u2019ils paieront plus que l\u2019an dernier. Cet imp\u00f4t d\u00fb par tous les propri\u00e9taires de maison, d\u2019appartement, de parking\u2026 augmente en effet a minima de 1,7 % en 2025.<\/p>\n<p class=\"paragraph text_align_left lp-f-body-02\">Cela correspond \u00e0 une revalorisation automatique qui tient compte de <a href=\"https:\/\/www.leparisien.fr\/economie\/consommation\/inflation-les-prix-a-la-consommation-ont-augmente-de-1-sur-un-an-en-france-14-08-2025-KQOZL7TXFNFA3N2FCOABESRVGU.php\" target=\"_blank\" rel=\"noreferrer noopener\">l\u2019inflation<\/a> : celle des \u00ab valeurs locatives cadastrales \u00bb, soit le loyer th\u00e9orique g\u00e9n\u00e9r\u00e9 par le bien s\u2019il \u00e9tait lou\u00e9. C\u2019est beaucoup moins que les 3,4 % de 2022, l\u2019augmentation historique de 7,1 % en 2023 et les 3,9 % de 2024.<\/p>\n","protected":false},"excerpt":{"rendered":"Certains contribuables l\u2019ont d\u00e9j\u00e0 re\u00e7u. Les autres l\u2019auront en main avant la fin du mois de septembre. Mais,&hellip;\n","protected":false},"author":2,"featured_media":359607,"comment_status":"","ping_status":"","sticky":false,"template":"","format":"standard","meta":{"footnotes":""},"categories":[6],"tags":[35,33,34,1011,27,342],"class_list":{"0":"post-359606","1":"post","2":"type-post","3":"status-publish","4":"format-standard","5":"has-post-thumbnail","7":"category-economie","8":"tag-business","9":"tag-economie","10":"tag-economy","11":"tag-fr","12":"tag-france","13":"tag-impots"},"share_on_mastodon":{"url":"https:\/\/pubeurope.com\/@fr\/115132048621080299","error":""},"_links":{"self":[{"href":"https:\/\/www.europesays.com\/fr\/wp-json\/wp\/v2\/posts\/359606","targetHints":{"allow":["GET"]}}],"collection":[{"href":"https:\/\/www.europesays.com\/fr\/wp-json\/wp\/v2\/posts"}],"about":[{"href":"https:\/\/www.europesays.com\/fr\/wp-json\/wp\/v2\/types\/post"}],"author":[{"embeddable":true,"href":"https:\/\/www.europesays.com\/fr\/wp-json\/wp\/v2\/users\/2"}],"replies":[{"embeddable":true,"href":"https:\/\/www.europesays.com\/fr\/wp-json\/wp\/v2\/comments?post=359606"}],"version-history":[{"count":0,"href":"https:\/\/www.europesays.com\/fr\/wp-json\/wp\/v2\/posts\/359606\/revisions"}],"wp:featuredmedia":[{"embeddable":true,"href":"https:\/\/www.europesays.com\/fr\/wp-json\/wp\/v2\/media\/359607"}],"wp:attachment":[{"href":"https:\/\/www.europesays.com\/fr\/wp-json\/wp\/v2\/media?parent=359606"}],"wp:term":[{"taxonomy":"category","embeddable":true,"href":"https:\/\/www.europesays.com\/fr\/wp-json\/wp\/v2\/categories?post=359606"},{"taxonomy":"post_tag","embeddable":true,"href":"https:\/\/www.europesays.com\/fr\/wp-json\/wp\/v2\/tags?post=359606"}],"curies":[{"name":"wp","href":"https:\/\/api.w.org\/{rel}","templated":true}]}}