{"id":359610,"date":"2025-09-02T01:14:10","date_gmt":"2025-09-02T01:14:10","guid":{"rendered":"https:\/\/www.europesays.com\/fr\/359610\/"},"modified":"2025-09-02T01:14:10","modified_gmt":"2025-09-02T01:14:10","slug":"bruno-retailleau-se-dit-tres-vigilant-face-au-mouvement-tout-bloquer-du-10-septembre","status":"publish","type":"post","link":"https:\/\/www.europesays.com\/fr\/359610\/","title":{"rendered":"Bruno Retailleau se dit \u00ab\u00a0tr\u00e8s vigilant\u00a0\u00bb face au mouvement \u00ab\u00a0tout bloquer\u00a0\u00bb du 10 septembre"},"content":{"rendered":"<p>Le ministre de l&rsquo;Interieur estime sur TF1 que l&rsquo;appel \u00e0 \u00ab\u00a0tout bloquer\u00a0\u00bb le 10 septembre prochain est \u00ab\u00a0pire que tout\u00a0\u00bb. \u00ab\u00a0Le pays doit avancer\u00a0\u00bb, a-t-il insist\u00e9.<\/p>\n<p>Face \u00e0 la menace de \u00ab\u00a0tout bloquer\u00a0\u00bb, la vigilance est de mise pour l&rsquo;ex\u00e9cutif. Invit\u00e9 du 20 Heures de TF1 ce lundi 1er septembre, le ministre de l&rsquo;Int\u00e9rieur Bruno Retailleau a comment\u00e9 <a href=\"https:\/\/www.bfmtv.com\/politique\/bloquons-tout-cgt-lfi-ps-qui-soutient-la-mobilisation-prevue-le-10-septembre_AV-202508290610.html\" title=\"&quot;Bloquons tout&quot;: CGT, LFI, PS... Qui soutient la mobilisation pr\u00e9vue le 10 septembre?\" class=\"internal_link\" rel=\"nofollow noopener\" target=\"_blank\">l&rsquo;appel citoyen \u00e0 \u00ab\u00a0tout bloquer\u00a0\u00bb<\/a> le 10 septembre prochain, suscit\u00e9 par les <a href=\"https:\/\/www.bfmtv.com\/politique\/naufrage-catastrophique-les-reactions-des-oppositions-apres-l-interview-de-francois-bayrou_AV-202508310389.html\" title=\"&quot;Naufrage&quot;, &quot;catastrophique&quot;: les r\u00e9actions des oppositions apr\u00e8s l&#039;interview de Fran\u00e7ois Bayrou\" class=\"internal_link\" rel=\"nofollow noopener\" target=\"_blank\">annonces de coupes budg\u00e9taires<\/a> de Fran\u00e7ois Bayrou.<\/p>\n<p>\u00ab\u00a0On peut manifester en France, c&rsquo;est la libert\u00e9 constitutionnellement garantie\u00a0\u00bb, conc\u00e8de le locataire de Beauvau. \u00ab\u00a0Mais bloquer tout, c&rsquo;est pire que tout, parce qu&rsquo;aujourd&rsquo;hui, le pays doit avancer\u00a0\u00bb, ajoute sur TF1 Bruno Retailleau.<\/p>\n<p>Et d&rsquo;ajouter: \u00ab\u00a0Si demain il y avait une crise, c&rsquo;est toujours les plus vuln\u00e9rables, les plus modestes de nos compatriotes, qui vont trinquer.\u00a0\u00bb Selon le ministre de l&rsquo;Int\u00e9rieur, l&rsquo;appel citoyen \u00e0 \u00ab\u00a0tout bloquer\u00a0\u00bb est \u00ab\u00a0un dossier et un mouvement prot\u00e9iforme, r\u00e9cup\u00e9r\u00e9 par les Insoumis, par monsieur M\u00e9lenchon. Ce qui le teinte \u00e9norm\u00e9ment en termes politiques. Et \u00e7a, pour qu&rsquo;il puisse se propager, c&rsquo;est sans doute un frein\u00a0\u00bb.<\/p>\n<blockquote class=\"embed embed_quote\"><p>\u00ab\u00a0On y est tr\u00e8s vigilant\u00a0\u00bb, assure Bruno Retailleau.<\/p><\/blockquote>\n<p>La classe politique divis\u00e9e<\/p>\n<p>N\u00e9 sur les r\u00e9seaux sociaux, le mouvement \u00ab\u00a0tout bloquer\u00a0\u00bb, qui appelle \u00e0 une mobilisation en r\u00e9ponse aux \u00e9conomies voulues par le Premier ministre, est surtout suivi \u00e0 gauche de l&rsquo;\u00e9chiquier politique.<\/p>\n<p>Si les insoumis et les \u00c9cologistes ont annonc\u00e9 soutenir le mouvement, les socialistes et les communistes ont affich\u00e9 plus de m\u00e9fiance, mais veulent \u00e9viter tout risque de \u00ab\u00a0r\u00e9cup\u00e9ration\u00a0\u00bb par l&rsquo;extr\u00eame droite.<\/p>\n<p>Les syndicats, divis\u00e9s, appellent quant \u00e0 eux \u00e0 se mobiliser en masse lors de la journ\u00e9e syndicale du 18 septembre.<\/p>\n<p>Lucie Valais Journaliste BFMTV<\/p>\n","protected":false},"excerpt":{"rendered":"Le ministre de l&rsquo;Interieur estime sur TF1 que l&rsquo;appel \u00e0 \u00ab\u00a0tout bloquer\u00a0\u00bb le 10 septembre prochain est \u00ab\u00a0pire&hellip;\n","protected":false},"author":2,"featured_media":359611,"comment_status":"","ping_status":"","sticky":false,"template":"","format":"standard","meta":{"footnotes":""},"categories":[4],"tags":[11,1011,27,12,25],"class_list":{"0":"post-359610","1":"post","2":"type-post","3":"status-publish","4":"format-standard","5":"has-post-thumbnail","7":"category-france","8":"tag-actualites","9":"tag-fr","10":"tag-france","11":"tag-news","12":"tag-republique-francaise"},"share_on_mastodon":{"url":"https:\/\/pubeurope.com\/@fr\/115132056477549928","error":""},"_links":{"self":[{"href":"https:\/\/www.europesays.com\/fr\/wp-json\/wp\/v2\/posts\/359610","targetHints":{"allow":["GET"]}}],"collection":[{"href":"https:\/\/www.europesays.com\/fr\/wp-json\/wp\/v2\/posts"}],"about":[{"href":"https:\/\/www.europesays.com\/fr\/wp-json\/wp\/v2\/types\/post"}],"author":[{"embeddable":true,"href":"https:\/\/www.europesays.com\/fr\/wp-json\/wp\/v2\/users\/2"}],"replies":[{"embeddable":true,"href":"https:\/\/www.europesays.com\/fr\/wp-json\/wp\/v2\/comments?post=359610"}],"version-history":[{"count":0,"href":"https:\/\/www.europesays.com\/fr\/wp-json\/wp\/v2\/posts\/359610\/revisions"}],"wp:featuredmedia":[{"embeddable":true,"href":"https:\/\/www.europesays.com\/fr\/wp-json\/wp\/v2\/media\/359611"}],"wp:attachment":[{"href":"https:\/\/www.europesays.com\/fr\/wp-json\/wp\/v2\/media?parent=359610"}],"wp:term":[{"taxonomy":"category","embeddable":true,"href":"https:\/\/www.europesays.com\/fr\/wp-json\/wp\/v2\/categories?post=359610"},{"taxonomy":"post_tag","embeddable":true,"href":"https:\/\/www.europesays.com\/fr\/wp-json\/wp\/v2\/tags?post=359610"}],"curies":[{"name":"wp","href":"https:\/\/api.w.org\/{rel}","templated":true}]}}