{"id":359626,"date":"2025-09-02T01:22:19","date_gmt":"2025-09-02T01:22:19","guid":{"rendered":"https:\/\/www.europesays.com\/fr\/359626\/"},"modified":"2025-09-02T01:22:19","modified_gmt":"2025-09-02T01:22:19","slug":"un-ete-tres-positif-pour-les-arenes","status":"publish","type":"post","link":"https:\/\/www.europesays.com\/fr\/359626\/","title":{"rendered":"un \u00e9t\u00e9 \u00ab tr\u00e8s positif \u00bb pour les ar\u00e8nes\u00a0"},"content":{"rendered":"<p><img decoding=\"async\" class=\"\" style=\"width:100%\" src=\"https:\/\/www.europesays.com\/fr\/wp-content\/uploads\/2025\/09\/arenes_de_palavas16511304867671756734106620.png\" alt=\"Les ar\u00e8nes de Palavas-les-Flots\"\/><\/p>\n<p>Les ar\u00e8nes de Palavas-les-Flots<\/p>\n<p>Cr\u00e9dit : DR<\/p>\n<p> <strong>Une saison estivale sous le signe de la tradition et du renouveau<\/strong><\/p>\n<p style=\"text-align: justify;\">\u00a0<\/p>\n<p style=\"text-align: justify;\">Interrog\u00e9 sur le bilan de la saison, <strong>Vincent Ribera, gestionnaire des ar\u00e8nes, ne cache pas sa satisfaction :<\/strong><\/p>\n<p style=\"text-align: justify;\">\u00ab Le bilan est tr\u00e8s positif, que ce soit en mati\u00e8re de spectacles taurins ou m\u00eame en termes de vari\u00e9t\u00e9. Il y a eu une tr\u00e8s tr\u00e8s bonne fr\u00e9quentation, avec de tr\u00e8s gros concerts, de tr\u00e8s bons spectacles. On a constat\u00e9 une tr\u00e8s bonne augmentation aussi des spectacles taurins dans leur globalit\u00e9, que ce soit des courses camarguaises ou encore des spectacles familiaux comme les toro-piscine. \u00bb<\/p>\n<p style=\"text-align: justify;\">Depuis 12 ans \u00e0 la t\u00eate des ar\u00e8nes des deux stations baln\u00e9aires, Vincent Ribera souligne <strong>une progression constante du public pour les rendez-vous traditionnels :<\/strong><\/p>\n<p style=\"text-align: justify;\">\u00ab On sent qu&rsquo;il y a vraiment une envie, les gens ont envie de venir voir nos traditions, et ils sont de plus en plus nombreux. \u00bb<\/p>\n<p style=\"text-align: justify;\">Les toro-piscine, toujours aussi populaires aupr\u00e8s des familles, ont rencontr\u00e9 un grand succ\u00e8s tout comme les courses camarguaises qui font la fiert\u00e9 locale. Mais les ar\u00e8nes ont aussi vibr\u00e9 au rythme des grands noms de l&rsquo;humour et de la sc\u00e8ne musicale avec la premi\u00e8re \u00e9dition du festival C\u00f4t\u00e9 Mer. <strong>D\u2019Jal, Nej\u2019, Kendji Girac, Anne Roumanoff, Yann Muller &amp; Philippe Corti ou encore Amir<\/strong> ont enflamm\u00e9 le public.\u00a0<\/p>\n<p style=\"text-align: justify;\">\u00a0<\/p>\n<p><strong>La f\u00eate votive du Grau-du-Roi : point d\u2019orgue d\u2019une saison festive<\/strong><\/p>\n<p style=\"text-align: justify;\">\u00a0<\/p>\n<p style=\"text-align: justify;\">Si l\u2019\u00e9t\u00e9 touche \u00e0 sa fin, les ar\u00e8nes du Grau-du-Roi ne sont pas encore pr\u00eates \u00e0 tirer leur r\u00e9v\u00e9rence. <a href=\"https:\/\/ville-legrauduroi.fr\/app\/uploads\/sites\/10\/2025\/08\/programme-fete-du-Grau-2025.pdf\" rel=\"noopener\" target=\"_blank\">Du 5 au 14 septembre,<\/a> puis lors du \u00ab\u00a0revivre\u00a0\u00bb du 19 au 21 septembre, la f\u00eate votive viendra clore en beaut\u00e9 cette saison 2025. <strong>Abrivado, encierro, bandido, roussata\u00efo, courses camarguaises avec le Troph\u00e9e de la Mer, tournois de joutes, bals<\/strong> : tout est r\u00e9uni pour faire vibrer les rues de la ville dans une communion entre mer et traditions taurines.<\/p>\n","protected":false},"excerpt":{"rendered":"Les ar\u00e8nes de Palavas-les-Flots Cr\u00e9dit : DR Une saison estivale sous le signe de la tradition et du&hellip;\n","protected":false},"author":2,"featured_media":359627,"comment_status":"","ping_status":"","sticky":false,"template":"","format":"standard","meta":{"footnotes":""},"categories":[9599],"tags":[49500,1111,11,33593,49502,4156,49498,49501,17545,1777,674,33604,49497,1011,27,49496,42933,708,49504,2208,12,2680,33592,25,49503,49492,49494,49493,49499,49495],"class_list":{"0":"post-359626","1":"post","2":"type-post","3":"status-publish","4":"format-standard","5":"has-post-thumbnail","7":"category-montpellier","8":"tag-abrivado","9":"tag-actu","10":"tag-actualites","11":"tag-arenes","12":"tag-bandido","13":"tag-concerts","14":"tag-courses-camarguaises","15":"tag-encierro","16":"tag-ete-2025","17":"tag-eu","18":"tag-europe","19":"tag-festival-cote-mer","20":"tag-fete-votive","21":"tag-fr","22":"tag-france","23":"tag-frequentation-en-hausse","24":"tag-grau-du-roi","25":"tag-humour","26":"tag-joutes","27":"tag-montpellier","28":"tag-news","29":"tag-occitanie","30":"tag-palavas-les-flots","31":"tag-republique-francaise","32":"tag-roussataio","33":"tag-spectacles-taurins","34":"tag-toro-piscine","35":"tag-traditions-camarguaises","36":"tag-trophee-de-la-mer","37":"tag-vincent-ribera"},"share_on_mastodon":{"url":"https:\/\/pubeurope.com\/@fr\/115132088132513853","error":""},"_links":{"self":[{"href":"https:\/\/www.europesays.com\/fr\/wp-json\/wp\/v2\/posts\/359626","targetHints":{"allow":["GET"]}}],"collection":[{"href":"https:\/\/www.europesays.com\/fr\/wp-json\/wp\/v2\/posts"}],"about":[{"href":"https:\/\/www.europesays.com\/fr\/wp-json\/wp\/v2\/types\/post"}],"author":[{"embeddable":true,"href":"https:\/\/www.europesays.com\/fr\/wp-json\/wp\/v2\/users\/2"}],"replies":[{"embeddable":true,"href":"https:\/\/www.europesays.com\/fr\/wp-json\/wp\/v2\/comments?post=359626"}],"version-history":[{"count":0,"href":"https:\/\/www.europesays.com\/fr\/wp-json\/wp\/v2\/posts\/359626\/revisions"}],"wp:featuredmedia":[{"embeddable":true,"href":"https:\/\/www.europesays.com\/fr\/wp-json\/wp\/v2\/media\/359627"}],"wp:attachment":[{"href":"https:\/\/www.europesays.com\/fr\/wp-json\/wp\/v2\/media?parent=359626"}],"wp:term":[{"taxonomy":"category","embeddable":true,"href":"https:\/\/www.europesays.com\/fr\/wp-json\/wp\/v2\/categories?post=359626"},{"taxonomy":"post_tag","embeddable":true,"href":"https:\/\/www.europesays.com\/fr\/wp-json\/wp\/v2\/tags?post=359626"}],"curies":[{"name":"wp","href":"https:\/\/api.w.org\/{rel}","templated":true}]}}