{"id":359628,"date":"2025-09-02T01:23:30","date_gmt":"2025-09-02T01:23:30","guid":{"rendered":"https:\/\/www.europesays.com\/fr\/359628\/"},"modified":"2025-09-02T01:23:30","modified_gmt":"2025-09-02T01:23:30","slug":"mercato-nul-a-montpellier-debut-de-saison-le-programme-de-la-tribune","status":"publish","type":"post","link":"https:\/\/www.europesays.com\/fr\/359628\/","title":{"rendered":"mercato, nul \u00e0 Montpellier, d\u00e9but de saison&#8230; le programme de la Tribune"},"content":{"rendered":"<p>Comme chaque lundi, <strong>les pol\u00e9mistes de la Tribune ici Picardie, \u00e9mission savamment orchestr\u00e9e par Mathieu Dubrulle, <\/strong>se retrouvent pour d\u00e9battre de l\u2019actualit\u00e9 autour de l\u2019Amiens SC.<\/p>\n<p>L\u2019Amiens SC bien lanc\u00e9 dans sa saison ?<\/p>\n<p>Trois jours apr\u00e8s le match nul \u00e0 Montpellier, il sera bien entendu question de ce match au cours duquel les hommes d\u2019Omar Daf ont grandement souffert. Ainsi, avec cinq point en quatre matches, le bilan du mois d\u2019ao\u00fbt est-il inesp\u00e9r\u00e9 ?<\/p>\n<p>A quelques heures de la fermeture du mercato d\u2019\u00e9t\u00e9, l\u2019\u00e9mission fera un point sur les derni\u00e8res informations, avec potentiellement <a href=\"https:\/\/le11hdf.fr\/amiens-sc-fin-de-mercato-tres-agitee\/\" rel=\"nofollow noopener\" target=\"_blank\">un money-time riche en mouvements<\/a> pour l\u2019Amiens SC.<\/p>\n<p>&amp;amp;amp;amp;amp;amp;amp;lt;span data-mce-type=\u00a0\u00bbbookmark\u00a0\u00bb style=\u00a0\u00bbdisplay: inline-block; width: 0px; overflow: hidden; line-height: 0;\u00a0\u00bb class=\u00a0\u00bbmce_SELRES_start\u00a0\u00bb&amp;amp;amp;amp;amp;amp;amp;gt;&amp;amp;amp;amp;amp;amp;amp;lt;\/span&amp;amp;amp;amp;amp;amp;amp;gt;<\/p>\n<p><strong>Le casting<\/strong> : Antoine Caux, Jean-Louis Croci, Romuald Lemaire, Bruno Paris, Romain Pechon et Fabien Reinert.<\/p>\n<p><img loading=\"lazy\" decoding=\"async\" width=\"1568\" height=\"656\" src=\"https:\/\/www.europesays.com\/fr\/wp-content\/uploads\/2025\/09\/ici-partenariat.png\" alt=\"ici-partenariat\" class=\"wp-image-322729\"  \/>100% des matches en int\u00e9gralit\u00e9<\/p>\n<p>Comme depuis plus de 30 ans, \u00e0 domicile et \u00e0 l\u2019ext\u00e9rieur,<strong> tous les matchs de l\u2019Amiens SC sont comment\u00e9s en int\u00e9gralit\u00e9 et accessibles gratuitement <\/strong>sur l\u2019antenne d\u2019ici Picardie. Dans le cadre du partenariat liant ici Picardie au site Le 11, Romain Pechon accompagne Mathieu Dubrulle sur les matches \u00e0 domicile. A l\u2019ext\u00e9rieur, les soir\u00e9es sport sont anim\u00e9es par Antoine Caux. <strong>Prise d\u2019antenne 15 minutes avant le coup d\u2019envoi<\/strong>, avec un avant-match complet afin de pr\u00e9senter les enjeux et d\u00e9voiler les compositions d\u2019\u00e9quipes.<\/p>\n<p>Picardie Sport, le rendez-vous quotidien<\/p>\n<p>Chaque matin, ici Picardie propose<strong> son journal des sports intitul\u00e9 Picardie Sports<\/strong>, \u00e0 6h40 et 8h40 du lundi au vendredi, \u00e0 8h30 et 10 heures le week-end. Outre l\u2019Amiens SC, le football r\u00e9gional et les autres disciplines sont \u00e9galement mises \u00e0 l\u2019honneur. \u00ab\u00a0Histoire d\u2019\u00eatre au plus pr\u00e8s des clubs et des athl\u00e8tes de la Somme \u00bb, affirme Mathieu Dubrulle.<\/p>\n<p>Cr\u00e9dits photo : Sylvain Thomas\/FEP\/<a href=\"http:\/\/iconsport.photo\" target=\"_blank\" rel=\"noopener nofollow\">Icon Sport<\/a><\/p>\n","protected":false},"excerpt":{"rendered":"Comme chaque lundi, les pol\u00e9mistes de la Tribune ici Picardie, \u00e9mission savamment orchestr\u00e9e par Mathieu Dubrulle, se retrouvent&hellip;\n","protected":false},"author":2,"featured_media":359629,"comment_status":"","ping_status":"","sticky":false,"template":"","format":"standard","meta":{"footnotes":""},"categories":[9599],"tags":[1111,11,1777,674,1011,27,2208,12,2680,25],"class_list":{"0":"post-359628","1":"post","2":"type-post","3":"status-publish","4":"format-standard","5":"has-post-thumbnail","7":"category-montpellier","8":"tag-actu","9":"tag-actualites","10":"tag-eu","11":"tag-europe","12":"tag-fr","13":"tag-france","14":"tag-montpellier","15":"tag-news","16":"tag-occitanie","17":"tag-republique-francaise"},"share_on_mastodon":{"url":"https:\/\/pubeurope.com\/@fr\/115132091816358476","error":""},"_links":{"self":[{"href":"https:\/\/www.europesays.com\/fr\/wp-json\/wp\/v2\/posts\/359628","targetHints":{"allow":["GET"]}}],"collection":[{"href":"https:\/\/www.europesays.com\/fr\/wp-json\/wp\/v2\/posts"}],"about":[{"href":"https:\/\/www.europesays.com\/fr\/wp-json\/wp\/v2\/types\/post"}],"author":[{"embeddable":true,"href":"https:\/\/www.europesays.com\/fr\/wp-json\/wp\/v2\/users\/2"}],"replies":[{"embeddable":true,"href":"https:\/\/www.europesays.com\/fr\/wp-json\/wp\/v2\/comments?post=359628"}],"version-history":[{"count":0,"href":"https:\/\/www.europesays.com\/fr\/wp-json\/wp\/v2\/posts\/359628\/revisions"}],"wp:featuredmedia":[{"embeddable":true,"href":"https:\/\/www.europesays.com\/fr\/wp-json\/wp\/v2\/media\/359629"}],"wp:attachment":[{"href":"https:\/\/www.europesays.com\/fr\/wp-json\/wp\/v2\/media?parent=359628"}],"wp:term":[{"taxonomy":"category","embeddable":true,"href":"https:\/\/www.europesays.com\/fr\/wp-json\/wp\/v2\/categories?post=359628"},{"taxonomy":"post_tag","embeddable":true,"href":"https:\/\/www.europesays.com\/fr\/wp-json\/wp\/v2\/tags?post=359628"}],"curies":[{"name":"wp","href":"https:\/\/api.w.org\/{rel}","templated":true}]}}