{"id":359630,"date":"2025-09-02T01:28:12","date_gmt":"2025-09-02T01:28:12","guid":{"rendered":"https:\/\/www.europesays.com\/fr\/359630\/"},"modified":"2025-09-02T01:28:12","modified_gmt":"2025-09-02T01:28:12","slug":"un-boulanger-poignarde-dans-sa-boutique-son-pronostic-vital-engage","status":"publish","type":"post","link":"https:\/\/www.europesays.com\/fr\/359630\/","title":{"rendered":"un boulanger poignard\u00e9 dans sa boutique, son pronostic vital engag\u00e9"},"content":{"rendered":"<p class=\"intro \">\u00c0 Grenoble, un employ\u00e9 de boulangerie de 29 ans a \u00e9t\u00e9 poignard\u00e9 ce lundi matin apr\u00e8s avoir tent\u00e9 d\u2019emp\u00eacher trois individus de voler du pain. Il a \u00e9t\u00e9 hospitalis\u00e9 en urgence absolue, et son pronostic vital est engag\u00e9. Les agresseurs sont toujours recherch\u00e9s.<\/p>\n<p>\u00c0 <a href=\"https:\/\/www.europe1.fr\/politique\/il-devrait-plutot-casser-les-ghettos-de-violence-lancien-maire-de-grenoble-alain-carignon-repond-a-eric-piolle-766709\" rel=\"nofollow noopener\" target=\"_blank\">Grenoble<\/a>, un boulanger a \u00e9t\u00e9 poignard\u00e9 ce lundi matin vers 4h30 en plein centre-ville. L\u2019employ\u00e9 de cette boulangerie s\u2019est interpos\u00e9 face \u00e0 des individus qui cherchaient \u00e0 voler du pain.<\/p>\n<p>    La suite apr\u00e8s cette publicit\u00e9<\/p>\n<p>    La suite apr\u00e8s cette publicit\u00e9<\/p>\n<p>Trois individus tentaient de d\u00e9rober, depuis la rue, des baguettes encore chaudes d\u00e9pos\u00e9es sur le rebord de la fen\u00eatre de la boulangerie.<\/p>\n<p>\u00ab\u00a0\u00c7a devient insupportable de voir qu\u2019on ne peut m\u00eame pas faire notre m\u00e9tier tranquillement\u00a0\u00bb<\/p>\n<p>L\u2019employ\u00e9 de 29 ans, pr\u00e9sent dans les locaux \u00e0 ce moment-l\u00e0, ne l\u2019entend pas de cette oreille. Il refuse de leur laisser le pain. Une dispute \u00e9clate et tourne mal. Martine Lenoir, la patronne de l\u2019\u00e9tablissement, a visionn\u00e9 les images de la cam\u00e9ra install\u00e9e dans son commerce.<\/p>\n<p>    La suite apr\u00e8s cette publicit\u00e9<\/p>\n<p>    La suite apr\u00e8s cette publicit\u00e9<\/p>\n<p>\u00ab\u00a0Les voyous ont pouss\u00e9 la porte. Ils ne sont pas rentr\u00e9s mais ils ont pris une baguette de pain et sont partis. Jim\u00e9 est sorti avec une pelle de d\u00e9fournement. Quand il est revenu, il a \u00e9t\u00e9 bless\u00e9 au thorax par arme blanche. \u00c7a devient insupportable de voir qu\u2019on ne peut m\u00eame pas faire notre m\u00e9tier tranquillement. Grenoble, \u00e7a devient insupportable, ce n\u2019est plus possible\u00a0\u00bb, d\u00e9taille la patronne.<\/p>\n<p>Nouvel \u00e9pisode de l\u2019ins\u00e9curit\u00e9 qui r\u00e8gne dans la capitale des Alpes. L\u2019employ\u00e9 a \u00e9t\u00e9 poignard\u00e9 deux fois au niveau du torse. Il a imm\u00e9diatement \u00e9t\u00e9 hospitalis\u00e9 en urgence absolue. Son pronostic vital est toujours engag\u00e9. Les agresseurs sont toujours en fuite et activement recherch\u00e9s par la police grenobloise.<\/p>\n","protected":false},"excerpt":{"rendered":"\u00c0 Grenoble, un employ\u00e9 de boulangerie de 29 ans a \u00e9t\u00e9 poignard\u00e9 ce lundi matin apr\u00e8s avoir tent\u00e9&hellip;\n","protected":false},"author":2,"featured_media":359051,"comment_status":"","ping_status":"","sticky":false,"template":"","format":"standard","meta":{"footnotes":""},"categories":[9566],"tags":[1111,11,2430,1777,674,1011,27,2731,12,25],"class_list":{"0":"post-359630","1":"post","2":"type-post","3":"status-publish","4":"format-standard","5":"has-post-thumbnail","7":"category-grenoble","8":"tag-actu","9":"tag-actualites","10":"tag-auvergne-rhone-alpes","11":"tag-eu","12":"tag-europe","13":"tag-fr","14":"tag-france","15":"tag-grenoble","16":"tag-news","17":"tag-republique-francaise"},"share_on_mastodon":{"url":"https:\/\/pubeurope.com\/@fr\/115132111439647693","error":""},"_links":{"self":[{"href":"https:\/\/www.europesays.com\/fr\/wp-json\/wp\/v2\/posts\/359630","targetHints":{"allow":["GET"]}}],"collection":[{"href":"https:\/\/www.europesays.com\/fr\/wp-json\/wp\/v2\/posts"}],"about":[{"href":"https:\/\/www.europesays.com\/fr\/wp-json\/wp\/v2\/types\/post"}],"author":[{"embeddable":true,"href":"https:\/\/www.europesays.com\/fr\/wp-json\/wp\/v2\/users\/2"}],"replies":[{"embeddable":true,"href":"https:\/\/www.europesays.com\/fr\/wp-json\/wp\/v2\/comments?post=359630"}],"version-history":[{"count":0,"href":"https:\/\/www.europesays.com\/fr\/wp-json\/wp\/v2\/posts\/359630\/revisions"}],"wp:featuredmedia":[{"embeddable":true,"href":"https:\/\/www.europesays.com\/fr\/wp-json\/wp\/v2\/media\/359051"}],"wp:attachment":[{"href":"https:\/\/www.europesays.com\/fr\/wp-json\/wp\/v2\/media?parent=359630"}],"wp:term":[{"taxonomy":"category","embeddable":true,"href":"https:\/\/www.europesays.com\/fr\/wp-json\/wp\/v2\/categories?post=359630"},{"taxonomy":"post_tag","embeddable":true,"href":"https:\/\/www.europesays.com\/fr\/wp-json\/wp\/v2\/tags?post=359630"}],"curies":[{"name":"wp","href":"https:\/\/api.w.org\/{rel}","templated":true}]}}