{"id":359631,"date":"2025-09-02T01:31:15","date_gmt":"2025-09-02T01:31:15","guid":{"rendered":"https:\/\/www.europesays.com\/fr\/359631\/"},"modified":"2025-09-02T01:31:15","modified_gmt":"2025-09-02T01:31:15","slug":"a-rennes-des-lycees-bouleversent-leurs-emplois-du-temps-pour-desengorger-le-metro","status":"publish","type":"post","link":"https:\/\/www.europesays.com\/fr\/359631\/","title":{"rendered":"\u00c0 Rennes, des lyc\u00e9es bouleversent leurs emplois du temps pour d\u00e9sengorger le m\u00e9tro"},"content":{"rendered":"<p class=\"paragraph text_align_left lp-f-body-02\">\u00ab <a href=\"https:\/\/www.leparisien.fr\/ille-et-vilaine-35\/avec-ses-pannes-a-repetition-le-metro-de-rennes-est-maudit-09-01-2024-LQ74PJF3QJD5DO66XNHF5HBMF4.php\" target=\"_self\" rel=\"noopener\">Le m\u00e9tro<\/a>, c\u2019est vraiment tr\u00e8s pratique mais souvent, le matin, les rames sont bond\u00e9es. On doit parfois en laisser passer une ou deux avant de pouvoir monter dans une voiture, grimace en ce jour de rentr\u00e9e Marjorie, une lyc\u00e9enne rennaise de 16 ans. \u00c0 certaines stations, il y a m\u00eame des agents de la STAR (le service des transports en commun de Rennes) qui sont l\u00e0 pour \u00e9viter les bousculades \u00bb.<\/p>\n<p class=\"paragraph text_align_left lp-f-body-02\">Inaugur\u00e9e il y a seulement trois ans,<a href=\"https:\/\/www.leparisien.fr\/ille-et-vilaine-35\/la-ville-de-rennes-fete-sa-nouvelle-ligne-de-metro-21-09-2022-Y2S233FZHFGZNFGEV374WDJ6X4.php\" target=\"_self\" rel=\"noopener\"> la ligne B du m\u00e9tro rennais<\/a> est d\u00e9j\u00e0 victime de son succ\u00e8s. Entre 7h30 et 8 heures du matin, la fr\u00e9quentation est \u00e0 son maximum tout comme le stress des usagers.<\/p>\n","protected":false},"excerpt":{"rendered":"\u00ab Le m\u00e9tro, c\u2019est vraiment tr\u00e8s pratique mais souvent, le matin, les rames sont bond\u00e9es. On doit parfois&hellip;\n","protected":false},"author":2,"featured_media":359632,"comment_status":"","ping_status":"","sticky":false,"template":"","format":"standard","meta":{"footnotes":""},"categories":[2821],"tags":[1111,917,11,829,459,1777,674,1011,27,4517,2684,12,584,25],"class_list":{"0":"post-359631","1":"post","2":"type-post","3":"status-publish","4":"format-standard","5":"has-post-thumbnail","7":"category-rennes","8":"tag-actu","9":"tag-actu-locale","10":"tag-actualites","11":"tag-bretagne","12":"tag-departements-horsidfo","13":"tag-eu","14":"tag-europe","15":"tag-fr","16":"tag-france","17":"tag-ille-et-vilaine-35","18":"tag-le-parisien-etudiant","19":"tag-news","20":"tag-rennes","21":"tag-republique-francaise"},"share_on_mastodon":{"url":"https:\/\/pubeurope.com\/@fr\/115132123298473338","error":""},"_links":{"self":[{"href":"https:\/\/www.europesays.com\/fr\/wp-json\/wp\/v2\/posts\/359631","targetHints":{"allow":["GET"]}}],"collection":[{"href":"https:\/\/www.europesays.com\/fr\/wp-json\/wp\/v2\/posts"}],"about":[{"href":"https:\/\/www.europesays.com\/fr\/wp-json\/wp\/v2\/types\/post"}],"author":[{"embeddable":true,"href":"https:\/\/www.europesays.com\/fr\/wp-json\/wp\/v2\/users\/2"}],"replies":[{"embeddable":true,"href":"https:\/\/www.europesays.com\/fr\/wp-json\/wp\/v2\/comments?post=359631"}],"version-history":[{"count":0,"href":"https:\/\/www.europesays.com\/fr\/wp-json\/wp\/v2\/posts\/359631\/revisions"}],"wp:featuredmedia":[{"embeddable":true,"href":"https:\/\/www.europesays.com\/fr\/wp-json\/wp\/v2\/media\/359632"}],"wp:attachment":[{"href":"https:\/\/www.europesays.com\/fr\/wp-json\/wp\/v2\/media?parent=359631"}],"wp:term":[{"taxonomy":"category","embeddable":true,"href":"https:\/\/www.europesays.com\/fr\/wp-json\/wp\/v2\/categories?post=359631"},{"taxonomy":"post_tag","embeddable":true,"href":"https:\/\/www.europesays.com\/fr\/wp-json\/wp\/v2\/tags?post=359631"}],"curies":[{"name":"wp","href":"https:\/\/api.w.org\/{rel}","templated":true}]}}