{"id":359636,"date":"2025-09-02T01:34:12","date_gmt":"2025-09-02T01:34:12","guid":{"rendered":"https:\/\/www.europesays.com\/fr\/359636\/"},"modified":"2025-09-02T01:34:12","modified_gmt":"2025-09-02T01:34:12","slug":"a-nice-cette-batisse-russe-au-passe-rocambolesque-fait-partie-des-laureats-2025-du-loto-du-patrimoine","status":"publish","type":"post","link":"https:\/\/www.europesays.com\/fr\/359636\/","title":{"rendered":"A Nice, cette b\u00e2tisse russe au pass\u00e9 rocambolesque fait partie des laur\u00e9ats 2025 du Loto du patrimoine"},"content":{"rendered":"<p>Une opportunit\u00e9 en or.\u00a0<strong>Lanc\u00e9 en 2018<\/strong> par la Fondation du patrimoine, soutenue par la Fran\u00e7aise des Jeux (FDJ) et port\u00e9 par l&rsquo;animateur St\u00e9phane Bern, le <strong>Loto du patrimoine<\/strong> a lev\u00e9 le voile, ce lundi 1er septembre, les <strong>102 sites fran\u00e7ais<\/strong>\u00a0laur\u00e9ats pour l&rsquo;ann\u00e9e 2025.\u00a0<\/p>\n<p>Gr\u00e2ce aux <strong>gains g\u00e9n\u00e9r\u00e9s par les tirages de loterie et les recettes des jeux<\/strong> (\u00e0 gratter et en ligne) \u00ab\u00a0Mission patrimoine\u00a0\u00bb, ces monuments remarquables se verront allouer un soutien financier pour mener de pr\u00e9cieux travaux de r\u00e9novation.\u00a0<\/p>\n<p>En effet, la part revenant \u00e0 l\u2019\u00c9tat des fonds r\u00e9colt\u00e9s par la FDJ pour ces jeux est revers\u00e9e chaque ann\u00e9e \u00e0 la Fondation du patrimoine pour la r\u00e9novation des lieux en p\u00e9ril s\u00e9lectionn\u00e9s.<\/p>\n<p><strong>Au c\u0153ur du campus Valrose, une dr\u00f4le d&rsquo;isba s\u00e9lectionn\u00e9e<\/strong><\/p>\n<p><a href=\"https:\/\/www.nicematin.com\/culture\/loto-du-patrimoine-voici-les-sites-emblematiques-des-alpes-maritimes-et-du-var-qui-ont-ete-selectionnes-cette-annee-963742\" target=\"_blank\" rel=\"noopener\">\u00a0Apr\u00e8s le Fort royal de l&rsquo;\u00eele Sainte-Marguerite, \u00e0 Cannes, en 2024<\/a>, au tour d&rsquo;une construction ni\u00e7oise insolite et m\u00e9connue du grand public d&rsquo;obtenir les faveurs de la Mission patrimoine:<strong> \u00ab\u00a0l&rsquo;isba\u00a0\u00bb du campus des Sciences Valrose<\/strong>, nom donn\u00e9 \u00e0 ces petites maisons en bois habit\u00e9es par les paysans russes.\u00a0<\/p>\n<p>Constitu\u00e9e de rondins de sapin, la b\u00e2tisse a \u00e9t\u00e9 \u00e9difi\u00e9e au c\u0153ur du parc de Valrose \u00ab\u00a0entre 1871 et 1881, \u00e0 la demande du propri\u00e9taire des lieux et b\u00e2tisseur du domaine, le baron Von Derwies\u00a0\u00bb, apprend-t-on <a href=\"https:\/\/univ-cotedazur.fr\/universite\/patrimoine\/soutenez\/restauration-de-lisba\" target=\"_blank\" rel=\"noopener\">sur le site de l&rsquo;Universit\u00e9 C\u00f4te d&rsquo;Azur<\/a>. Et la maisonnette porte <strong>une histoire des plus singuli\u00e8res.\u00a0<\/strong><\/p>\n<p>                                <strong>Remont\u00e9e pi\u00e8ce par pi\u00e8ces d&rsquo;Odessa&#8230; \u00e0 Nice<\/strong><\/p>\n<p>Nous sommes en 1867. Paul von Derwies, un baron russe qui a fait fortune, ach\u00e8te 12 hectares en bas de Cimiez, attir\u00e9 par le climat de la C\u00f4te d&rsquo;Azur.\u00a0<\/p>\n<p>Il s\u2019offre les services de David Grimm, architecte pris\u00e9 &#8211;<a href=\"https:\/\/www.nicematin.com\/justice\/la-russie-annexe-deux-territoires-a-nice-apres-la-cathedrale-saint-nicolas-le-kremlin-recupere-deux-autres-lieux-emblematiques-de-la-presence-russe-dans-la-capitale-azureenne-983437\" target=\"_blank\" rel=\"noopener\">connu pour la chapelle du tsar\u00e9vitch, \u00e9rig\u00e9e \u00e0 c\u00f4t\u00e9 de la cath\u00e9drale russe<\/a>&#8211; et fait construire un grand ch\u00e2teau, cr\u00e9\u00e9 un lac dans le parc, de fausses ruines romaines, un th\u00e9\u00e2tre.\u00a0<\/p>\n<p>Mais sa folie des grandeurs dans ce vaste parc, aujourd&rsquo;hui territoire des \u00e9tudiants, ne s&rsquo;arr\u00eate pas l\u00e0. Sur son domaine d&rsquo;Odessa -ville aujourd&rsquo;hui ukrainienne alors sous administration de l&rsquo;Empire russe- le baron dispose d&rsquo;une isba&#8230; qu&rsquo;il verrait bien tr\u00f4ner au milieu de la verdure de sa propri\u00e9t\u00e9 ni\u00e7oise.<\/p>\n<p><a href=\"https:\/\/www.nicematin.com\/culture\/ce-tresor-ramene-d-ukraine-a-nice-par-un-noble-russe-il-y-a-150-ans-va-etre-renove-915693\" target=\"_blank\" rel=\"noopener\">Pi\u00e8ce par pi\u00e8ce, celle-ci est d\u00e9mont\u00e9e, transport\u00e9e jusqu&rsquo;\u00e0 Nice et remont\u00e9e.<\/a> Pour sa deuxi\u00e8me vie sur la French riviera, <strong>on dit que la demeure a accueilli les f\u00eates auxquelles aimait se livrer le baron<\/strong>&#8230;<\/p>\n<p><strong>Un site class\u00e9 \u00e0 r\u00e9nover\u00a0<\/strong><\/p>\n<p>\u00ab\u00a0Plus riche, plus content, contente-toi de ce que tu poss\u00e8des\u00a0\u00bb, \u00ab\u00a0Bi\u00e8re n&rsquo;est point nectar, hydromel point ambroisie quand l&rsquo;amour en douceur les surpasse\u00a0\u00bb.\u00a0Remarquable par le d\u00e9paysement qu&rsquo;elle offre en territoire m\u00e9diterran\u00e9en, l&rsquo;isba de Valrose intrigue aussi par<strong> les proverbes en cyrillique ancien qui ornent sa fa\u00e7ade<\/strong>.\u00a0<\/p>\n<p><strong>Class\u00e9 au titre des monuments historiques depuis 1991 et au patrimoine mondial de l\u2019Unesco<\/strong>, le lieu a n\u00e9anmoins besoin d&rsquo;un rafra\u00eechissement. En avril 2024, le Conseil d\u00e9partemental annonc\u00e9 ainsi\u00a0un financement de 200.000\u20ac en ce sens, soit un tiers du budget n\u00e9cessaire pour redonner son lustre d\u2019antan. Le Loto du patrimoine aidera la dr\u00f4le de b\u00e2tisse \u00e0 venir \u00e0 bout de son rafra\u00eechissement.<\/p>\n","protected":false},"excerpt":{"rendered":"Une opportunit\u00e9 en or.\u00a0Lanc\u00e9 en 2018 par la Fondation du patrimoine, soutenue par la Fran\u00e7aise des Jeux (FDJ)&hellip;\n","protected":false},"author":2,"featured_media":359637,"comment_status":"","ping_status":"","sticky":false,"template":"","format":"standard","meta":{"footnotes":""},"categories":[2819],"tags":[1111,11,1350,251,1777,674,1011,27,1757,12,2401,882,25],"class_list":{"0":"post-359636","1":"post","2":"type-post","3":"status-publish","4":"format-standard","5":"has-post-thumbnail","7":"category-nice","8":"tag-actu","9":"tag-actualites","10":"tag-architecture","11":"tag-culture","12":"tag-eu","13":"tag-europe","14":"tag-fr","15":"tag-france","16":"tag-insolite","17":"tag-news","18":"tag-nice","19":"tag-provence-alpes-cote-dazur","20":"tag-republique-francaise"},"share_on_mastodon":{"url":"https:\/\/pubeurope.com\/@fr\/115132135040887768","error":""},"_links":{"self":[{"href":"https:\/\/www.europesays.com\/fr\/wp-json\/wp\/v2\/posts\/359636","targetHints":{"allow":["GET"]}}],"collection":[{"href":"https:\/\/www.europesays.com\/fr\/wp-json\/wp\/v2\/posts"}],"about":[{"href":"https:\/\/www.europesays.com\/fr\/wp-json\/wp\/v2\/types\/post"}],"author":[{"embeddable":true,"href":"https:\/\/www.europesays.com\/fr\/wp-json\/wp\/v2\/users\/2"}],"replies":[{"embeddable":true,"href":"https:\/\/www.europesays.com\/fr\/wp-json\/wp\/v2\/comments?post=359636"}],"version-history":[{"count":0,"href":"https:\/\/www.europesays.com\/fr\/wp-json\/wp\/v2\/posts\/359636\/revisions"}],"wp:featuredmedia":[{"embeddable":true,"href":"https:\/\/www.europesays.com\/fr\/wp-json\/wp\/v2\/media\/359637"}],"wp:attachment":[{"href":"https:\/\/www.europesays.com\/fr\/wp-json\/wp\/v2\/media?parent=359636"}],"wp:term":[{"taxonomy":"category","embeddable":true,"href":"https:\/\/www.europesays.com\/fr\/wp-json\/wp\/v2\/categories?post=359636"},{"taxonomy":"post_tag","embeddable":true,"href":"https:\/\/www.europesays.com\/fr\/wp-json\/wp\/v2\/tags?post=359636"}],"curies":[{"name":"wp","href":"https:\/\/api.w.org\/{rel}","templated":true}]}}