{"id":359638,"date":"2025-09-02T01:35:10","date_gmt":"2025-09-02T01:35:10","guid":{"rendered":"https:\/\/www.europesays.com\/fr\/359638\/"},"modified":"2025-09-02T01:35:10","modified_gmt":"2025-09-02T01:35:10","slug":"nice-municipales-appel-a-la-responsabilite-collective","status":"publish","type":"post","link":"https:\/\/www.europesays.com\/fr\/359638\/","title":{"rendered":"NICE : Municipales &#8211; Appel \u00e0 la responsabilit\u00e9 collective"},"content":{"rendered":"<p style=\"text-align: left;\"><strong>Depuis qu\u2019\u00c9ric Ciotti a annonc\u00e9 sa candidature aux \u00e9lections municipales \u00e0 Nice, l\u2019ensemble de la presse et des r\u00e9seaux sociaux s\u2019emballe sur le th\u00e8me d\u2019un duel fratricide et viril entre deux hommes, comme s\u2019il s\u2019agissait d\u2019un roman ou d\u2019une mauvaise s\u00e9rie t\u00e9l\u00e9vis\u00e9e.<\/strong><\/p>\n<p style=\"text-align: left;\">Nous rejetons cette peopolisation et cette bipolarisation de la vie politique et nous en appelons \u00e0 la responsabilit\u00e9 collective. Les \u00e9lections municipales \u00e0 Nice auront un impact concret sur les conditions de vie de plus de 350 000 Ni\u00e7oises et Ni\u00e7oises et 550 000 habitantes et habitants de la M\u00e9tropole Nice C\u00f4te d\u2019Azur.<\/p>\n<p style=\"text-align: left;\">Nice est confront\u00e9e \u00e0 une crise sociale majeure. Notre territoire fait face \u00e0 des d\u00e9r\u00e8glements climatiques de plus en fr\u00e9quents et aux cons\u00e9quences dramatiques. Notre d\u00e9veloppement \u00e9conomique s\u2019enferme dans une d\u00e9pendance au surtourisme. Le narcotrafic \u00e9tend son emprise, brise des vies et des familles et plonge des quartiers entiers dans la violence et la peur. La corruption et les atteintes \u00e0 la probit\u00e9 se multiplient, rompant encore un peu plus le lien entre les citoyens et les responsables politiques.<\/p>\n<p style=\"text-align: left;\">Ni \u00c9ric Ciotti ni Christian Estrosi ne proposent de solutions face \u00e0 ces dangers :<\/p>\n<p style=\"text-align: left;\">\u2013 La trajectoire id\u00e9ologique et politique d\u2019\u00c9ric Ciotti est symptomatique d\u2019une radicalisation progressive et constante vers l\u2019extr\u00eame droite, jusqu\u2019\u00e0 une alliance ouverte avec le Rassemblement National. \u00c9ric Ciotti voue un culte \u00e0 l\u2019autorit\u00e9, au chef et \u00e0 l\u2019uniforme. Il est devenu pr\u00e9sident du Conseil D\u00e9partemental, dont la comp\u00e9tence premi\u00e8re est le domaine social, pour y mener une politique antisociale davantage ax\u00e9e sur la traque des b\u00e9n\u00e9ficiaires du RSA, tous suppos\u00e9s fraudeurs, que sur l\u2019aide qui doit leur \u00eatre apport\u00e9e pour sortir de la pr\u00e9carit\u00e9. En tant que d\u00e9put\u00e9, il n\u2019a eu de cesse d\u2019\u0153uvrer pour une politique toujours plus x\u00e9nophobe et toujours plus lib\u00e9rale. Une victoire d\u2019\u00c9ric Ciotti aux \u00e9lections signifierait qu\u2019un ralliement \u00e0 l\u2019extr\u00eame droite permet de ravir la 5\u00e8me ville de France et Nice deviendrait la premi\u00e8re m\u00e9tropole \u00e0 basculer \u00e0 l\u2019extr\u00eame droite.<\/p>\n<p style=\"text-align: left;\">\u2013 Christian Estrosi g\u00e8re la ville de Nice depuis 17 ans. Est-il s\u00e9rieux lorsqu\u2019il d\u00e9clare avoir fait l\u2019essentiel de ce qu\u2019il fallait faire \u00e0 Nice ? Il n\u2019a su enrayer ni la crise sociale, ni la crise climatique, ni l\u2019ins\u00e9curit\u00e9. Pire, il a c\u00e9d\u00e9 toujours davantage aux lobbies du tourisme et de la sp\u00e9culation immobili\u00e8re au d\u00e9triment des Ni\u00e7oises et des Ni\u00e7ois. Il se pare d\u2019un discours \u00e9cologiste alors qu\u2019il prend des d\u00e9cisions climaticides, soutient l\u2019extension de l\u2019a\u00e9roport de Nice et refuse la gratuit\u00e9 des transports en commun. Ses d\u00e9cisions, comme la destruction du TNN et d\u2019Acropolis, sont incompr\u00e9hensibles. Son obsession du tout s\u00e9curitaire s\u2019est av\u00e9r\u00e9e aussi co\u00fbteuse qu\u2019inefficace. Ses postures id\u00e9ologiques, comme son soutien inconditionnel au gouvernement de Benyamin Netanyahou, enveniment la situation et divisent les habitant-es, au lieu d\u2019apaiser et de rassembler.<\/p>\n<p style=\"text-align: left;\">\u2013 Eric Ciotti et Christian Estrosi sont tous les deux cern\u00e9s par les affaires et les proc\u00e9dures judiciaires d\u2019atteintes \u00e0 la probit\u00e9. Ils se soucient plus de leur int\u00e9r\u00eat personnel et de se nuire l\u2019un \u00e0 l\u2019autre que de l\u2019int\u00e9r\u00eat g\u00e9n\u00e9ral et du bien \u00eatre des habitant-es.<\/p>\n<p style=\"text-align: left;\">Face \u00e0 cela, la constitution d\u2019une liste unique \u00e0 gauche est un imp\u00e9ratif d\u00e9mocratique, social et \u00e9cologique. Nous avons pris l\u2019initiative, d\u00e8s le 9 octobre 2024, d\u2019appeler \u00e0 ce rassemblement l\u2019ensemble des forces politiques et citoyennes \u00e9cologistes et de gauche. Nous soutenons l\u2019appel citoyen \u00ab\u00a0Reprenons la main\u00a0\u00bb cosign\u00e9 par plus de 200 personnalit\u00e9s ni\u00e7oises. Nous saluons la d\u00e9marche de la France Insoumise, qui appelle \u00e0 ce m\u00eame rassemblement et, dans la transparence et la clart\u00e9, fait une proposition de liste commune.<\/p>\n<p style=\"text-align: left;\">Nous \u0153uvrons pour ce rassemblement large, d\u00e9mocratique et ouvert, sur la base d\u2019une d\u00e9marche citoyenne. Nous ne cesserons de le faire tant que cela sera possible.<\/p>\n<p style=\"text-align: left;\">Rassemblement citoyen ViVA!<\/p>\n","protected":false},"excerpt":{"rendered":"Depuis qu\u2019\u00c9ric Ciotti a annonc\u00e9 sa candidature aux \u00e9lections municipales \u00e0 Nice, l\u2019ensemble de la presse et des&hellip;\n","protected":false},"author":2,"featured_media":359639,"comment_status":"","ping_status":"","sticky":false,"template":"","format":"standard","meta":{"footnotes":""},"categories":[2819],"tags":[1111,11,1777,674,1011,27,12,2401,882,25],"class_list":{"0":"post-359638","1":"post","2":"type-post","3":"status-publish","4":"format-standard","5":"has-post-thumbnail","7":"category-nice","8":"tag-actu","9":"tag-actualites","10":"tag-eu","11":"tag-europe","12":"tag-fr","13":"tag-france","14":"tag-news","15":"tag-nice","16":"tag-provence-alpes-cote-dazur","17":"tag-republique-francaise"},"share_on_mastodon":{"url":"https:\/\/pubeurope.com\/@fr\/115132139020074729","error":""},"_links":{"self":[{"href":"https:\/\/www.europesays.com\/fr\/wp-json\/wp\/v2\/posts\/359638","targetHints":{"allow":["GET"]}}],"collection":[{"href":"https:\/\/www.europesays.com\/fr\/wp-json\/wp\/v2\/posts"}],"about":[{"href":"https:\/\/www.europesays.com\/fr\/wp-json\/wp\/v2\/types\/post"}],"author":[{"embeddable":true,"href":"https:\/\/www.europesays.com\/fr\/wp-json\/wp\/v2\/users\/2"}],"replies":[{"embeddable":true,"href":"https:\/\/www.europesays.com\/fr\/wp-json\/wp\/v2\/comments?post=359638"}],"version-history":[{"count":0,"href":"https:\/\/www.europesays.com\/fr\/wp-json\/wp\/v2\/posts\/359638\/revisions"}],"wp:featuredmedia":[{"embeddable":true,"href":"https:\/\/www.europesays.com\/fr\/wp-json\/wp\/v2\/media\/359639"}],"wp:attachment":[{"href":"https:\/\/www.europesays.com\/fr\/wp-json\/wp\/v2\/media?parent=359638"}],"wp:term":[{"taxonomy":"category","embeddable":true,"href":"https:\/\/www.europesays.com\/fr\/wp-json\/wp\/v2\/categories?post=359638"},{"taxonomy":"post_tag","embeddable":true,"href":"https:\/\/www.europesays.com\/fr\/wp-json\/wp\/v2\/tags?post=359638"}],"curies":[{"name":"wp","href":"https:\/\/api.w.org\/{rel}","templated":true}]}}