{"id":359644,"date":"2025-09-02T01:38:20","date_gmt":"2025-09-02T01:38:20","guid":{"rendered":"https:\/\/www.europesays.com\/fr\/359644\/"},"modified":"2025-09-02T01:38:20","modified_gmt":"2025-09-02T01:38:20","slug":"municipales-2026-les-candidates-de-lextreme-droite-a-bordeaux-se-disputent-le-terrain","status":"publish","type":"post","link":"https:\/\/www.europesays.com\/fr\/359644\/","title":{"rendered":"Municipales 2026 : les candidates de l&rsquo;extr\u00eame droite \u00e0 Bordeaux se disputent le terrain"},"content":{"rendered":"<p class=\"wp-block-post-excerpt__excerpt\">Julie Rechagneux, pour le Rassemblement national, et Virginie Bonthoux Tournay, pour Reconqu\u00eate, ont toutes les deux officiellement d\u00e9clar\u00e9 leur candidature avant l\u2019\u00e9t\u00e9 et pr\u00e9parent leur rentr\u00e9e politique. Si l\u2019union n\u2019est pas (encore) \u00e0 l\u2019ordre du jour, chaque camp aff\u00fbte sa strat\u00e9gie. <\/p>\n<p><a href=\"https:\/\/rue89bordeaux.com\/category\/analyse\/\" rel=\"tag noopener\" target=\"_blank\">Analyse<\/a>, <a href=\"https:\/\/rue89bordeaux.com\/category\/kiosque-abonne\/\" rel=\"tag noopener\" target=\"_blank\">\u00c9dition abonn\u00e9s<\/a><\/p>\n<p>Margaux B\u00e9gards<\/p>\n<p>Publi\u00e9 le 1 septembre 2025\u00a0\u00a0\u00b7\u00a0\u00a0<\/p>\n<p>Imprim\u00e9 le 2 septembre 2025 \u00e0 03h38\u00a0\u00a0\u00b7\u00a0\u00a0<\/p>\n<p>\t\t\t\t\t6\u00a0minutes\n<\/p>\n<p>\u00c0 l\u2019image de la droite et du centre, l\u2019extr\u00eame droite ne fera pas bloc pour les municipales \u00e0 Bordeaux. <a href=\"https:\/\/rue89bordeaux.com\/2024\/06\/elections-europeennes-julie-rechagneux-la-releve-lissee-du-rassemblement-national\/\" target=\"_blank\" rel=\"noreferrer noopener\">Julie Rechagneux<\/a> a \u00e9t\u00e9 la premi\u00e8re \u00e0 se jeter \u00e0 l\u2019eau : en mai, la d\u00e9put\u00e9 europ\u00e9enne et conseill\u00e8re municipale \u00e0 Lormont (bien qu\u2019elle n\u2019ait jamais r\u00e9sid\u00e9 dans cette commune) de 29 ans, annon\u00e7ait sur Instagram son intention de \u00ab\u00a0remettre Bordeaux en ordre\u00a0\u00bb. Elle d\u00e9butera officiellement sa campagne le 14 septembre.<\/p>\n<blockquote class=\"wp-block-quote is-layout-flow wp-block-quote-is-layout-flow\">\n<p>\u00ab\u00a0On profite justement de l\u2019Universit\u00e9 d\u2019\u00e9t\u00e9 du RN [du 12 au 14 septembre, NDLR], et du fait que Marine [Le Pen] et Jordan [Bardella] viennent faire un grand meeting \u00e0 Bordeaux pour lancer officiellement cette campagne\u00a0\u00bb, annonce la candidate.<\/p>\n<\/blockquote>\n<p>Mais en coulisses, on s\u2019affaire d\u00e9j\u00e0. L\u2019\u00e9lue peut compter sur \u00ab\u00a0une grosse \u00e9quipe de militants \u00e0 Bordeaux\u00a0\u00bb au sein de laquelle un responsable par quartier a \u00e9t\u00e9 d\u00e9sign\u00e9. Ces derniers mois, ils les ont pass\u00e9s sur les march\u00e9s, \u00e0 distribuer des tracts \u00ab\u00a0certes un peu nationaux, mais qui \u00e9taient quand m\u00eame en lien avec les probl\u00e9matiques qui int\u00e9ressent les Bordelais, notamment sur l\u2019ins\u00e9curit\u00e9, sur les ZFE\u00a0\u00bb, d\u00e9taille-t-elle.<\/p>\n<p>Le sujet de la mobilit\u00e9 va \u00e9galement s\u2019inviter au d\u00e9bat. Outre sa volont\u00e9 de supprimer la hausse du tarif de stationnement et d\u2019augmenter le nombres de place en ville, la t\u00eate de liste du RN entend miser sur une \u00ab\u00a0mesure forte\u00a0\u00bb : <a href=\"https:\/\/rue89bordeaux.com\/2023\/03\/le-projet-de-grand-contournement-de-bordeaux-de-retour-a-lest-mais-toujours-plus-a-louest\/\" target=\"_blank\" rel=\"noreferrer noopener\">le contournement Est de Bordeaux<\/a>, un sujet, pourtant abandonn\u00e9 depuis des ann\u00e9es.<\/p>\n<p>Rue89 Bordeaux a besoin de vos dons<\/p>\n<p>Mille mercis \u00e0 nos 131 donateurs ! Gr\u00e2ce \u00e0 vous, nous avons atteint notre objectif initial de 10\u202f000\u202f\u20ac. Ce soutien va nous permettre de renflouer notre tr\u00e9sorerie, apr\u00e8s le d\u00e9sengagement en 2025 d\u2019un annonceur important \u2013 Bordeaux M\u00e9tropole \u2013 et de r\u00e9gler nos factures en attente.<br \/>Cependant, la cagnotte reste ouverte jusqu\u2019\u00e0 fin septembre afin de vous laisser l\u2019occasion de continuer \u00e0 soutenir votre m\u00e9dia ind\u00e9pendant. Chaque don est d\u00e9ductible des imp\u00f4ts \u00e0 hauteur de 66\u202f%. En recevoir davantage nous permettra de consolider nos finances, d\u2019envisager une rentr\u00e9e sereine, et surtout, d\u2019enrichir nos contenus et de renforcer notre r\u00e9daction.<\/p>\n<p><\/p>\n<p><img loading=\"lazy\" decoding=\"async\" width=\"480\" height=\"480\" src=\"https:\/\/www.europesays.com\/fr\/wp-content\/uploads\/2025\/04\/23-paywall.png\" alt=\"Abonnez-vous\" class=\"wp-image-128439\" style=\"aspect-ratio:1;width:210px;height:auto\"  \/><\/p>\n<p>Cet article fait partie de l\u2019\u00e9dition abonn\u00e9s. Pour lire la suite, profitez d\u2019une offre d\u00e9couverte \u00e0 1\u20ac.<\/p>\n<p class=\"has-gray-700-color has-text-color has-medium-font-size\">Contribuez \u00e0 consolider un m\u00e9dia ind\u00e9pendant \u00e0 Bordeaux, en capacit\u00e9 d\u2019enqu\u00eater sur les enjeux locaux.<\/p>\n<p>\t\t\t<a href=\"https:\/\/rue89bordeaux.com\/\" class=\"custom-logo-link\" rel=\"home noopener\" target=\"_blank\"><img loading=\"lazy\" decoding=\"async\" width=\"290\" height=\"49\" src=\"https:\/\/www.europesays.com\/fr\/wp-content\/uploads\/2025\/04\/logo.png\" class=\"custom-logo\" alt=\"Rue89Bordeaux Enqu\u00eates et informations de proximit\u00e9\"  \/><\/a><\/p>\n<p>\n\t\t\t\tAbonnez-vous maintenant pour suivre l\u2019actualit\u00e9 locale.\t\t\t<\/p>\n<p class=\"font-bold font-serif-heading mb-2 text-4xl\">\n\t\t\t\t\t\tL\u2019investigation locale \u00e0 port\u00e9e de main.\n\t\t\t\t\t<\/p>\n<p>\n\t\t\t\t\t\tAbonnez-vous et profitez d\u2019un acc\u00e8s illimit\u00e9 \u00e0 Rue89Bordeaux. Annulez quand vous voulez.\n\t\t\t\t\t<\/p>\n<p class=\"xl:text-sm\">\n\t\t\t\t\tD\u00e9j\u00e0 abonn\u00e9\u00a0?<br \/>\n\t\t\t\t\t<a class=\"border border-transparent text-center transition-colors duration-instant focus:border-info focus:rounded focus:shadow-focus cursor-pointer text-black hover:text-gray-700 active:bg-black-700 font-semibold inline-block\" href=\"https:\/\/rue89bordeaux.com\/user\/login\/?redirect=\/2025\/09\/municipales-2026-les-candidates-de-lextreme-droite-a-bordeaux-se-disputent-le-terrain\/\" target=\"_blank\" rel=\"noopener\">Connectez-vous<\/a>\t\t\t\t<\/p>\n<p>\n\t\t\t\tChoisissez votre formule\u00a0:\n\t\t\t<\/p>\n<p>\t\t\t\tFermer<\/p>\n","protected":false},"excerpt":{"rendered":"Julie Rechagneux, pour le Rassemblement national, et Virginie Bonthoux Tournay, pour Reconqu\u00eate, ont toutes les deux officiellement d\u00e9clar\u00e9&hellip;\n","protected":false},"author":2,"featured_media":359645,"comment_status":"","ping_status":"","sticky":false,"template":"","format":"standard","meta":{"footnotes":""},"categories":[2817],"tags":[1111,11,1997,1777,674,1076,1011,27,3434,12,2219,316,1078,10838,25],"class_list":{"0":"post-359644","1":"post","2":"type-post","3":"status-publish","4":"format-standard","5":"has-post-thumbnail","7":"category-bordeaux","8":"tag-actu","9":"tag-actualites","10":"tag-bordeaux","11":"tag-eu","12":"tag-europe","13":"tag-extreme-droite","14":"tag-fr","15":"tag-france","16":"tag-municipales-2026","17":"tag-news","18":"tag-nouvelle-aquitaine","19":"tag-politique","20":"tag-rassemblement-national","21":"tag-reconquete","22":"tag-republique-francaise"},"share_on_mastodon":{"url":"https:\/\/pubeurope.com\/@fr\/115132150872683719","error":""},"_links":{"self":[{"href":"https:\/\/www.europesays.com\/fr\/wp-json\/wp\/v2\/posts\/359644","targetHints":{"allow":["GET"]}}],"collection":[{"href":"https:\/\/www.europesays.com\/fr\/wp-json\/wp\/v2\/posts"}],"about":[{"href":"https:\/\/www.europesays.com\/fr\/wp-json\/wp\/v2\/types\/post"}],"author":[{"embeddable":true,"href":"https:\/\/www.europesays.com\/fr\/wp-json\/wp\/v2\/users\/2"}],"replies":[{"embeddable":true,"href":"https:\/\/www.europesays.com\/fr\/wp-json\/wp\/v2\/comments?post=359644"}],"version-history":[{"count":0,"href":"https:\/\/www.europesays.com\/fr\/wp-json\/wp\/v2\/posts\/359644\/revisions"}],"wp:featuredmedia":[{"embeddable":true,"href":"https:\/\/www.europesays.com\/fr\/wp-json\/wp\/v2\/media\/359645"}],"wp:attachment":[{"href":"https:\/\/www.europesays.com\/fr\/wp-json\/wp\/v2\/media?parent=359644"}],"wp:term":[{"taxonomy":"category","embeddable":true,"href":"https:\/\/www.europesays.com\/fr\/wp-json\/wp\/v2\/categories?post=359644"},{"taxonomy":"post_tag","embeddable":true,"href":"https:\/\/www.europesays.com\/fr\/wp-json\/wp\/v2\/tags?post=359644"}],"curies":[{"name":"wp","href":"https:\/\/api.w.org\/{rel}","templated":true}]}}