{"id":359646,"date":"2025-09-02T01:39:17","date_gmt":"2025-09-02T01:39:17","guid":{"rendered":"https:\/\/www.europesays.com\/fr\/359646\/"},"modified":"2025-09-02T01:39:17","modified_gmt":"2025-09-02T01:39:17","slug":"un-homme-de-85-ans-decede-apres-avoir-ete-fauche-par-une-voiture-sur-un-passage-pieton","status":"publish","type":"post","link":"https:\/\/www.europesays.com\/fr\/359646\/","title":{"rendered":"un homme de 85 ans d\u00e9c\u00e8de apr\u00e8s avoir \u00e9t\u00e9 fauch\u00e9 par une voiture sur un passage pi\u00e9ton"},"content":{"rendered":"<p>Samedi, un octog\u00e9naire a perdu la vie, cours Victor Hugo, en plein centre-ville. Le conducteur, \u00e2g\u00e9 de 69 ans, aurait perdu le contr\u00f4le de son v\u00e9hicule \u00e0 la suite d\u2019un malaise.<\/p>\n<p class=\"fig-paragraph\">Un dramatique\u00a0<a href=\"https:\/\/www.lefigaro.fr\/international\/plusieurs-morts-dans-un-accident-d-autocar-dans-l-etat-de-new-york-20250822?msockid=258c4318a154643d05395665a0ed65f9\" target=\"_blank\" data-fig-type=\"NewsFlash\" rel=\"sponsored noopener\" data-gtm-custom-categorie=\"navigation\" data-gtm-custom-action=\"crossclick\" data-gtm-custom-label=\"Contextuel\" data-gtm-event=\"customEventSPE\" data-fig-domain=\"LEFIGARO\">accident<\/a>\u00a0s\u2019est produit samedi 30 ao\u00fbt, en fin de matin\u00e9e, sur le cours Victor Hugo, dans le centre-ville de\u00a0<a href=\"http:\/\/www.lefigaro.fr\/bordeaux\/pres-de-bordeaux-deux-adolescentes-percutees-mortellement-par-un-train-20250828\" data-fig-type=\"NewsFlash\" data-gtm-custom-categorie=\"navigation\" data-gtm-custom-action=\"crossclick\" data-gtm-custom-label=\"Contextuel\" data-gtm-event=\"customEventSPE\" data-fig-domain=\"LEFIGARO\" target=\"_blank\" rel=\"noopener\">Bordeaux<\/a>. Aux alentours de 10h15, un homme de 85 ans a \u00e9t\u00e9 mortellement fauch\u00e9 par une\u00a0<a href=\"http:\/\/www.lefigaro.fr\/conso\/e-leclerc-intermarche-de-nouvelles-operations-carburant-a-prix-coutant-pour-cette-rentree-20250829\" data-fig-type=\"NewsFlash\" data-gtm-custom-categorie=\"navigation\" data-gtm-custom-action=\"crossclick\" data-gtm-custom-label=\"Contextuel\" data-gtm-event=\"customEventSPE\" data-fig-domain=\"LEFIGARO\" target=\"_blank\" rel=\"noopener\">voiture<\/a>, alors qu\u2019il traversait un passage pi\u00e9ton.<\/p>\n<p class=\"fig-paragraph\">Selon les sources polici\u00e8res, un homme de 69 ans se trouvait au volant du v\u00e9hicule. Il aurait \u00e9t\u00e9 victime d\u2019un malaise, ce qui aurait provoqu\u00e9 une brusque acc\u00e9l\u00e9ration. Le choc, d\u2019une extr\u00eame violence, a projet\u00e9 la victime \u00e0 plusieurs dizaines de m\u00e8tres.<\/p>\n<p>                                    <a class=\"fig-a11y-skip a11y-hidden\" href=\"#fig-a11y-skip-main-inarticle\"><br \/>\n        Passer la publicit\u00e9<br \/>\n    <\/a><\/p>\n<p>Conducteur transport\u00e9 en urgence absolue<\/p>\n<p class=\"fig-paragraph\">La voiture a fini par s\u2019encastrer contre un arbre, entre le caf\u00e9 Starbucks et le magasin Gifi du cours Victor Hugo. Gri\u00e8vement bless\u00e9, le conducteur a lui \u00e9t\u00e9 transport\u00e9 en urgence absolue au centre hospitalier universitaire (CHU) de Pellegrin.<\/p>\n<p class=\"fig-paragraph\">L\u2019accident a mobilis\u00e9 pompiers, Samu et forces de l\u2019ordre. Le cours Victor Hugo, souvent tr\u00e8s fr\u00e9quent\u00e9, est rest\u00e9 ferm\u00e9 \u00e0 la circulation plusieurs heures, entre la rue Sainte-Catherine et le mus\u00e9e d\u2019Aquitaine, le temps des constatations. L\u2019enqu\u00eate a \u00e9t\u00e9 confi\u00e9e \u00e0 la Division de la criminalit\u00e9 territoriale (DCT).<\/p>\n","protected":false},"excerpt":{"rendered":"Samedi, un octog\u00e9naire a perdu la vie, cours Victor Hugo, en plein centre-ville. Le conducteur, \u00e2g\u00e9 de 69&hellip;\n","protected":false},"author":2,"featured_media":359647,"comment_status":"","ping_status":"","sticky":false,"template":"","format":"standard","meta":{"footnotes":""},"categories":[2817],"tags":[119,4376,1111,11,1997,1777,674,1011,27,12,2219,25],"class_list":{"0":"post-359646","1":"post","2":"type-post","3":"status-publish","4":"format-standard","5":"has-post-thumbnail","7":"category-bordeaux","8":"tag-accident","9":"tag-accident-de-la-route","10":"tag-actu","11":"tag-actualites","12":"tag-bordeaux","13":"tag-eu","14":"tag-europe","15":"tag-fr","16":"tag-france","17":"tag-news","18":"tag-nouvelle-aquitaine","19":"tag-republique-francaise"},"share_on_mastodon":{"url":"https:\/\/pubeurope.com\/@fr\/115132154828014429","error":""},"_links":{"self":[{"href":"https:\/\/www.europesays.com\/fr\/wp-json\/wp\/v2\/posts\/359646","targetHints":{"allow":["GET"]}}],"collection":[{"href":"https:\/\/www.europesays.com\/fr\/wp-json\/wp\/v2\/posts"}],"about":[{"href":"https:\/\/www.europesays.com\/fr\/wp-json\/wp\/v2\/types\/post"}],"author":[{"embeddable":true,"href":"https:\/\/www.europesays.com\/fr\/wp-json\/wp\/v2\/users\/2"}],"replies":[{"embeddable":true,"href":"https:\/\/www.europesays.com\/fr\/wp-json\/wp\/v2\/comments?post=359646"}],"version-history":[{"count":0,"href":"https:\/\/www.europesays.com\/fr\/wp-json\/wp\/v2\/posts\/359646\/revisions"}],"wp:featuredmedia":[{"embeddable":true,"href":"https:\/\/www.europesays.com\/fr\/wp-json\/wp\/v2\/media\/359647"}],"wp:attachment":[{"href":"https:\/\/www.europesays.com\/fr\/wp-json\/wp\/v2\/media?parent=359646"}],"wp:term":[{"taxonomy":"category","embeddable":true,"href":"https:\/\/www.europesays.com\/fr\/wp-json\/wp\/v2\/categories?post=359646"},{"taxonomy":"post_tag","embeddable":true,"href":"https:\/\/www.europesays.com\/fr\/wp-json\/wp\/v2\/tags?post=359646"}],"curies":[{"name":"wp","href":"https:\/\/api.w.org\/{rel}","templated":true}]}}