{"id":359648,"date":"2025-09-02T01:40:13","date_gmt":"2025-09-02T01:40:13","guid":{"rendered":"https:\/\/www.europesays.com\/fr\/359648\/"},"modified":"2025-09-02T01:40:13","modified_gmt":"2025-09-02T01:40:13","slug":"un-enseignant-devant-chaque-eleve-en-haute-garonne-les-syndicats-dans-linquietude-des-la-rentree","status":"publish","type":"post","link":"https:\/\/www.europesays.com\/fr\/359648\/","title":{"rendered":"Un enseignant devant chaque \u00e9l\u00e8ve en Haute-Garonne ? Les syndicats dans l&rsquo;inqui\u00e9tude d\u00e8s la rentr\u00e9e"},"content":{"rendered":"<p>            Par<br \/>\n        <strong><br \/>\n            <a href=\"https:\/\/actu.fr\/auteur\/enzo-legros\" title=\"Consulter tous les articles de Enzo Legros\" target=\"_blank\" rel=\"noopener\">Enzo Legros<\/a><br \/>\n        <\/strong><\/p>\n<p>        Publi\u00e9 le<\/p>\n<p>            1 sept. 2025 \u00e0 18h47        <\/p>\n<p>Le m\u00e9tier de professeur des \u00e9coles fait couler beaucoup d\u2019encre \u00e0 la p\u00e9riode de la rentr\u00e9e. Les parents d\u2019\u00e9l\u00e8ves se demandent s\u2019il y aura bien <strong>un enseignant chaque semaine devant leur enfant.<\/strong> Au cours de l\u2019ann\u00e9e 2024\/2025, la question du <a href=\"https:\/\/actu.fr\/occitanie\/toulouse_31555\/toulouse-une-classe-de-cp-sans-institutrice-depuis-pres-de-deux-mois-la-tension-grandit-avec-les-parents_62666711.html\" target=\"_blank\" rel=\"noopener\">non-remplacement du personnel absent<\/a> a particuli\u00e8rement touch\u00e9 Toulouse et <a href=\"https:\/\/actu.fr\/occitanie\/haute-garonne_31\" target=\"_blank\" rel=\"noopener\">son d\u00e9partement<\/a>, laissant des enfants dans l\u2019instabilit\u00e9. Au rectorat de l\u2019acad\u00e9mie de Toulouse, l\u2019objectif est, comme \u00e0 chaque rentr\u00e9e, d\u2019ambitionner de meilleurs r\u00e9sultats et de rassurer. Mais du c\u00f4t\u00e9 des enseignants, <strong>l\u2019inqui\u00e9tude r\u00e8gne<\/strong>. D\u00e8s septembre, certains s\u2019attendent \u00e0 des situations de crise au vu du manque de professeurs et rempla\u00e7ants. Voici ce que disent les chiffres en Haute-Garonne.<\/p>\n<p>Un nombre d\u2019enfants scolaris\u00e9s en chute<\/p>\n<p class=\" wall-content\">Lorsqu\u2019on parle de <a href=\"https:\/\/actu.fr\/toulouse\/\" target=\"_blank\" rel=\"noopener\">Toulouse<\/a>, on parle souvent <a href=\"https:\/\/actu.fr\/occitanie\/toulouse_31555\/population-toulouse-compte-desormais-511-684-habitants-et-va-devenir-3e-ville-de-france-tres-rapidement_62022339.html#:~:text=Population.-,Toulouse%20compte%20d%C3%A9sormais%20511%20684%20habitants%20et%20va%20devenir%203e,publi%C3%A9s%20jeudi%2019%20d%C3%A9cembre%202024.\" target=\"_blank\" rel=\"noopener\">d\u2019une d\u00e9mographie exceptionnelle<\/a>. Mais pourtant cette ann\u00e9e, selon les pr\u00e9visions, le nombre d\u2019\u00e9l\u00e8ves devrait conna\u00eetre <strong>une baisse importante<\/strong> en Haute-Garonne, <strong>de<\/strong>\u00a0<strong>1\u2009385\u00a0enfants scolaris\u00e9s <\/strong>(les chiffres officiels seront communiqu\u00e9s apr\u00e8s la rentr\u00e9e), pour un total de 117 704 \u00e9l\u00e8ves.<\/p>\n<p class=\" wall-content\">\u00ab\u2009C\u2019est important parce que, m\u00eame dans une acad\u00e9mie tr\u00e8s attractive comme la n\u00f4tre, la baisse d\u00e9mographique est aujourd\u2019hui marqu\u00e9e, et pas simplement dans les d\u00e9partements ruraux, [\u2026] \u00e9galement en Haute-Garonne, \u00e7a c\u2019est quand m\u00eame un fait nouveau\u2009\u00bb, rel\u00e8ve le nouveau recteur de l\u2019acad\u00e9mie de Toulouse, Karim Benmiloud qui d\u00e9compte une d\u00e9crue de 4\u2009000\u00a0enfants par rapport \u00e0 l\u2019ann\u00e9e derni\u00e8re sur son acad\u00e9mie.<\/p>\n<p class=\" wall-content\">Du c\u00f4t\u00e9 des syndicats d\u2019enseignants, une telle baisse avait tout d\u2019un d\u00e9but de bonne nouvelle. \u00ab\u2009\u00c7a n\u2019a pas \u00e9t\u00e9 le cas\u2009\u00bb, tranche Jennifer Pelissier, co-secr\u00e9taire de la FSU-SNUipp 31.<\/p>\n<p>Vid\u00e9os : en ce moment sur Actu170 classes ferm\u00e9es<\/p>\n<p class=\" wall-content\">Le nombre de professeurs a en effet diminu\u00e9<strong>\u00a0de 2 postes<\/strong> sur le premier degr\u00e9 selon FSU-SNUipp. Le recteur de l\u2019acad\u00e9mie de Toulouse s\u2019est voulu rassurant vendredi 29\u00a0ao\u00fbt en conf\u00e9rence de presse.<\/p>\n<blockquote class=\"ac-article-quote wall-content\">\n<p>Si on regarde bien, 3500 \u00e9l\u00e8ves en moins pour 22 postes en moins, si on fait un calcul sur des classes entre 20 et 24 \u00e9l\u00e8ves, on aurait pu perdre plus de 100 postes sur le premier degr\u00e9 si on appliquait de fa\u00e7on m\u00e9canique les retraits d&#8217;emploi \u00e0 la baisse d\u00e9mographique<\/p>\n<p>    <strong>Karim Benmiloud<\/strong><br \/>\n        Recteur de l&rsquo;acad\u00e9mie de Toulouse    <\/p><\/blockquote>\n<p>Votre r\u00e9gion, votre actu !<\/p>\n<p>Recevez chaque jour les infos qui comptent pour vous.<\/p>\n<p>\t<a href=\"https:\/\/actu.fr\/newsletter\" class=\"ac-btn ac-btn--corner ac-btn--medium ac-btn--blue800\" target=\"_blank\" rel=\"noopener\">S&rsquo;incrire<\/a><\/p>\n<p class=\" wall-content\">Pour FSU-SNUipp 31, ce raisonnement ne correspond pas \u00e0 la r\u00e9alit\u00e9 du terrain. \u00ab\u2009D\u00e8s lundi 1er\u00a0septembre, des \u00e9l\u00e8ves <a href=\"https:\/\/actu.fr\/societe\/une-rentree-de-la-penurie-y-aura-t-il-vraiment-un-prof-devant-chaque-classe-des-lundi_63094554.html\" target=\"_blank\" rel=\"noopener\">devraient se retrouver sans enseignant<\/a> si rien ne bouge\u2009\u00bb, d\u00e9plore le syndicat dans un communiqu\u00e9.<\/p>\n<p>La question du remplacement toujours en suspens<\/p>\n<p class=\" wall-content\">Car il reste encore l\u2019\u00e9pineux sujet du remplacement des enseignants absents. Plusieurs \u00e9tablissements scolaires <a href=\"https:\/\/www.google.com\/search?q=manque+de+proffesseur+ecole+haute+garonne+actu.fr&amp;rlz=1C1GCEA_enFR1172FR1172&amp;oq=manque+de+proffesseur+ecole+haute+garonne+actu.fr&amp;gs_lcrp=EgZjaHJvbWUyBggAEEUYOdIBCDkxOTVqMGo3qAIAsAIA&amp;sourceid=chrome&amp;ie=UTF-8\" target=\"_blank\" rel=\"noopener\">ont du conjuguer avec ce fl\u00e9au<\/a> sur toute l\u2019ann\u00e9e scolaire pr\u00e9c\u00e9dente. \u00ab\u2009Il y a eu<strong> 20\u2009000 journ\u00e9es de classe non-remplac\u00e9es\u2009\u00bb<\/strong>, chiffre Jennifer Pelissier. Cette ann\u00e9e, elle ne s\u2019attend pas \u00e0 mieux.<\/p>\n<p class=\" wall-content\">\u00ab\u00a0On a <strong>entre 500 et 600 rempla\u00e7ants<\/strong>, beaucoup d\u2019entre eux sont affect\u00e9s sur de la longue dur\u00e9e, mais le nombre de rempla\u00e7ant de courte dur\u00e9e n\u2019est pas tr\u00e8s \u00e9lev\u00e9\u00a0\u00bb, pr\u00e9vient-elle, en estimant les besoins de recrutement \u00e0 500 nouveaux rempla\u00e7ants. \u00ab\u00a0Les pr\u00e8s de 300 contractuels enseignants du 1er degr\u00e9 qui exer\u00e7aient dans notre d\u00e9partement en<br \/>juin n\u2019ont pas \u00e9t\u00e9 renouvel\u00e9s\u00a0\u00bb, d\u00e9nonce le syndicat dans son communiqu\u00e9 de rentr\u00e9e.<\/p>\n<p class=\" wall-content\">\u00ab\u2009On sait que la difficult\u00e9 commence lorsqu\u2019on a les virus hivernaux, comme la grippe. C\u2019est l\u00e0 o\u00f9 il faut avoir quand m\u00eame des brigades de remplacement qui sont tr\u00e8s importantes pour affronter ces p\u00e9riodes o\u00f9 on est un peu plus dans la difficult\u00e9\u2009\u00bb, indique le recteur Karim Benmiloud.<\/p>\n<p class=\" wall-content\">Mais l\u00e0 encore, le FSU-SNUipp 31 s\u2019inqui\u00e8te d\u2019une brigade de remplacement \u00ab\u2009\u00e9puis\u00e9e, voire m\u00eame inexistante dans certaines circonscriptions, <strong>ce qui laisse pr\u00e9sager une nouvelle ann\u00e9e noire\u2009\u00bb.<\/strong><\/p>\n<p class=\" wall-content\">Personnalisez votre actualit\u00e9 en ajoutant vos villes et m\u00e9dias en favori avec <a href=\"https:\/\/moncompte.actu.fr\" title=\"D\u00e9couvez Mon Actu\" rel=\"nofollow noopener\" data-trk=\"{&quot;cta&quot;:{&quot;action&quot;:&quot;https:\\\/\\\/moncompte.actu.fr&quot;,&quot;category&quot;:&quot;mon compte&quot;,&quot;from&quot;:&quot;article footer&quot;,&quot;name&quot;:&quot;Mon actu&quot;,&quot;type&quot;:&quot;cta&quot;}}\" target=\"_blank\">Mon Actu<\/a>.<\/p>\n","protected":false},"excerpt":{"rendered":"Par Enzo Legros Publi\u00e9 le 1 sept. 2025 \u00e0 18h47 Le m\u00e9tier de professeur des \u00e9coles fait couler&hellip;\n","protected":false},"author":2,"featured_media":359649,"comment_status":"","ping_status":"","sticky":false,"template":"","format":"standard","meta":{"footnotes":""},"categories":[2816],"tags":[1111,11,1057,1777,674,1011,27,12,2680,10918,25,104,2312],"class_list":{"0":"post-359648","1":"post","2":"type-post","3":"status-publish","4":"format-standard","5":"has-post-thumbnail","7":"category-toulouse","8":"tag-actu","9":"tag-actualites","10":"tag-education","11":"tag-eu","12":"tag-europe","13":"tag-fr","14":"tag-france","15":"tag-news","16":"tag-occitanie","17":"tag-rentree-scolaire","18":"tag-republique-francaise","19":"tag-societe","20":"tag-toulouse"},"share_on_mastodon":{"url":"https:\/\/pubeurope.com\/@fr\/115132158685316370","error":""},"_links":{"self":[{"href":"https:\/\/www.europesays.com\/fr\/wp-json\/wp\/v2\/posts\/359648","targetHints":{"allow":["GET"]}}],"collection":[{"href":"https:\/\/www.europesays.com\/fr\/wp-json\/wp\/v2\/posts"}],"about":[{"href":"https:\/\/www.europesays.com\/fr\/wp-json\/wp\/v2\/types\/post"}],"author":[{"embeddable":true,"href":"https:\/\/www.europesays.com\/fr\/wp-json\/wp\/v2\/users\/2"}],"replies":[{"embeddable":true,"href":"https:\/\/www.europesays.com\/fr\/wp-json\/wp\/v2\/comments?post=359648"}],"version-history":[{"count":0,"href":"https:\/\/www.europesays.com\/fr\/wp-json\/wp\/v2\/posts\/359648\/revisions"}],"wp:featuredmedia":[{"embeddable":true,"href":"https:\/\/www.europesays.com\/fr\/wp-json\/wp\/v2\/media\/359649"}],"wp:attachment":[{"href":"https:\/\/www.europesays.com\/fr\/wp-json\/wp\/v2\/media?parent=359648"}],"wp:term":[{"taxonomy":"category","embeddable":true,"href":"https:\/\/www.europesays.com\/fr\/wp-json\/wp\/v2\/categories?post=359648"},{"taxonomy":"post_tag","embeddable":true,"href":"https:\/\/www.europesays.com\/fr\/wp-json\/wp\/v2\/tags?post=359648"}],"curies":[{"name":"wp","href":"https:\/\/api.w.org\/{rel}","templated":true}]}}