{"id":359650,"date":"2025-09-02T01:41:20","date_gmt":"2025-09-02T01:41:20","guid":{"rendered":"https:\/\/www.europesays.com\/fr\/359650\/"},"modified":"2025-09-02T01:41:20","modified_gmt":"2025-09-02T01:41:20","slug":"fin-de-mercato-agitee-au-toulouse-fc","status":"publish","type":"post","link":"https:\/\/www.europesays.com\/fr\/359650\/","title":{"rendered":"fin de mercato agit\u00e9e au Toulouse FC"},"content":{"rendered":"<p>            Par<br \/>\n        <strong><br \/>\n            <a href=\"https:\/\/actu.fr\/auteur\/david-saint-sernin\" title=\"Consulter tous les articles de David Saint-Sernin\" rel=\"nofollow noopener\" target=\"_blank\">David Saint-Sernin<\/a><br \/>\n        <\/strong><\/p>\n<p>        Publi\u00e9 le<\/p>\n<p>            1 sept. 2025 \u00e0 17h54<br \/>\n        ; mis \u00e0 jour le 1 sept. 2025 \u00e0 22h32    <\/p>\n<p>C\u2019est la derni\u00e8re ligne droite pour <a href=\"https:\/\/actu.fr\/tag\/mercato\" rel=\"nofollow noopener\" target=\"_blank\">le mercato.<\/a> Ce lundi 1er septembre, 20h, le recrutement du <a href=\"https:\/\/actu.fr\/tag\/toulouse-football-club-tfc\" rel=\"nofollow noopener\" target=\"_blank\">Toulouse FC<\/a>, et les ventes, seront connue. D\u2019ores et d\u00e9j\u00e0 le club a annonc\u00e9 le recrutement d\u2019un attaquant br\u00e9silien. Et les mouvements pourraient se poursuivre dans les deux prochaines heures ! Les transferts et ultimes rumeurs en direct\u2026<\/p>\n<p>20h. Mercato officiellement termin\u00e9<\/p>\n<p class=\" wall-content\">Le mercato est officiellement termin\u00e9 depuis 20h.\u00a0 Sauf joueur recrut\u00e9 sous la forme de joker comme le r\u00e8glement le permet en France, Toulouse en restera l\u00e0. Comme son gardien, Guillaume Restes, qui n\u2019a pas sign\u00e9 \u00e0 Galatasaray.<\/p>\n<p>19h45. L\u2019officialisation du d\u00e9part de Canvot<\/p>\n<p class=\" wall-content\">Comme l\u2019avaient annonc\u00e9 il y a quelques jours Les Violets.com, ou encore L\u2019\u00c9quipe, le joueur violet, Jaydee Canvot, quitte le TFC pour le club anglais de Crystal Palace\u2026\u00a0<\/p>\n<p class=\" wall-content\">Actu Toulouse<a href=\"https:\/\/actu.fr\/occitanie\/toulouse_31555\/jaydee-canvot-transfere-pour-un-montant-record-le-toulouse-fc-va-toucher-le-jackpot_63097290.html\" rel=\"nofollow noopener\" target=\"_blank\"> a \u00e9voqu\u00e9 ce transfert ce week-end.<\/a><\/p>\n<p class=\" wall-content\">Form\u00e9 au TFC, Jaydee Canvot, \u00e2g\u00e9 de 19 ans, a disput\u00e9 20 matchs avec le TFC depuis ses d\u00e9buts pro.\u00a0<\/p>\n<p class=\" wall-content\">\n<p>17h58. Un Pitchoun pr\u00eat\u00e9 \u00e0 Rodez<\/p>\n<p class=\" wall-content\">Le Toulouse Football Club annonce le pr\u00eat, sans option d\u2019achat, de son milieu de terrain Mathis Saka vers le Rodez Aveyron Football pour la saison 2025-2026.<\/p>\n<p class=\" wall-content\">\u00ab\u00a0N\u00e9 en 2006 \u00e0 Toulouse, Mathis est un pur enfant du club et de la Ville Rose. Pass\u00e9 par Cugnaux et Colomiers avant de rejoindre le T\u00e9F\u00e9C\u00e9 en 2018, \u00e0 seulement 12 ans, il n\u2019a cess\u00e9 de grandir en Violet. En 2022, il a par exemple fi\u00e8rement contribu\u00e9 au titre de champions de France U17 des pitchouns du Centre de Formation, une \u00e9tape marquante de son parcours !\u00a0\u00bb, indique le Toulouse FC dans un communiqu\u00e9.<\/p>\n<p>Vid\u00e9os : en ce moment sur Actu17h50. Guillaume Restes \u00e0 Galatasaray?<\/p>\n<p class=\" wall-content\">C\u2019est un enfant du club qui pourrait quitter les bords de la Garonne d\u2019ici 20h. Selon le site Les Violets, Guillaume Restes va s\u2019engager avec Galatasaray dans la journ\u00e9e. A suivre, le timing s\u2019annonce serr\u00e9.<\/p>\n<p>17h30. Un nouveau joueur br\u00e9silien<\/p>\n<p class=\" wall-content\">Pour renforcer ce secteur offensif, le Toulouse FC annonce ce lundi 1er septembre 2025, \u00e0 quelques heures de la fin du mercato d\u2019\u00e9t\u00e9, la signature d\u2019un nouvel attaquant. Son nom <strong>Emersonn !<\/strong><\/p>\n<p>Votre r\u00e9gion, votre actu !<\/p>\n<p>Recevez chaque jour les infos qui comptent pour vous.<\/p>\n<p>\t<a href=\"https:\/\/actu.fr\/newsletter\" class=\"ac-btn ac-btn--corner ac-btn--medium ac-btn--blue800\" rel=\"nofollow noopener\" target=\"_blank\">S&rsquo;incrire<\/a><\/p>\n<p class=\" wall-content\">\u00ab\u00a0Originaire du Br\u00e9sil, Emersonn est un jeune avant-centre prometteur de 21 ans\u00a0\u00bb, annonce le TFC. Son parcours l\u2019a vu \u00eatre s\u00e9lectionn\u00e9 pour le Br\u00e9sil dans la cat\u00e9gorie U16. \u00a0<\/p>\n<p class=\" wall-content\">\u00ab\u00a0Form\u00e9 au Club Athletico Paranaense, il franchit progressivement toutes les \u00e9tapes du centre de formation et se fait particuli\u00e8rement remarquer dans les comp\u00e9titions U20, inscrivant 15 buts en 29 matchs. Tout s\u2019acc\u00e9l\u00e8re ensuite avec la signature d\u2019un premier contrat professionnel et des d\u00e9buts en Serie A, la premi\u00e8re division br\u00e9silienne, en 2021, \u00e0 20 ans. En janvier 2025, il rejoint le G\u00f6ztepe SK, club de premi\u00e8re division turque, avec qui il a par exemple \u00e9t\u00e9 buteur d\u00e8s la premi\u00e8re journ\u00e9e de S\u00fcper Lig\u00a0\u00bb, d\u00e9taille le club toulousain qui assure par la voix de son directeur sportif, Viktor Bezhani :<\/p>\n<p class=\" wall-content\">\u00ab Emersonn est un attaquant prometteur qui va apporter une nouvelle dimension \u00e0 notre jeu offensif. Athl\u00e9tique et dot\u00e9 d\u2019une belle technique, nous avons h\u00e2te de le voir progresser au TFC.\u00bb\u00a0<\/p>\n<p class=\" wall-content\">\n<p class=\" wall-content\">Personnalisez votre actualit\u00e9 en ajoutant vos villes et m\u00e9dias en favori avec <a href=\"https:\/\/moncompte.actu.fr\" title=\"D\u00e9couvez Mon Actu\" rel=\"nofollow noopener\" data-trk=\"{&quot;cta&quot;:{&quot;action&quot;:&quot;https:\\\/\\\/moncompte.actu.fr&quot;,&quot;category&quot;:&quot;mon compte&quot;,&quot;from&quot;:&quot;article footer&quot;,&quot;name&quot;:&quot;Mon actu&quot;,&quot;type&quot;:&quot;cta&quot;}}\" target=\"_blank\">Mon Actu<\/a>.<\/p>\n","protected":false},"excerpt":{"rendered":"Par David Saint-Sernin Publi\u00e9 le 1 sept. 2025 \u00e0 17h54 ; mis \u00e0 jour le 1 sept. 2025&hellip;\n","protected":false},"author":2,"featured_media":359651,"comment_status":"","ping_status":"","sticky":false,"template":"","format":"standard","meta":{"footnotes":""},"categories":[2816],"tags":[1111,11,1777,674,1011,27,1434,12,2680,25,104,2312,4159],"class_list":{"0":"post-359650","1":"post","2":"type-post","3":"status-publish","4":"format-standard","5":"has-post-thumbnail","7":"category-toulouse","8":"tag-actu","9":"tag-actualites","10":"tag-eu","11":"tag-europe","12":"tag-fr","13":"tag-france","14":"tag-mercato","15":"tag-news","16":"tag-occitanie","17":"tag-republique-francaise","18":"tag-societe","19":"tag-toulouse","20":"tag-toulouse-football-club-tfc"},"share_on_mastodon":{"url":"https:\/\/pubeurope.com\/@fr\/115132162632726176","error":""},"_links":{"self":[{"href":"https:\/\/www.europesays.com\/fr\/wp-json\/wp\/v2\/posts\/359650","targetHints":{"allow":["GET"]}}],"collection":[{"href":"https:\/\/www.europesays.com\/fr\/wp-json\/wp\/v2\/posts"}],"about":[{"href":"https:\/\/www.europesays.com\/fr\/wp-json\/wp\/v2\/types\/post"}],"author":[{"embeddable":true,"href":"https:\/\/www.europesays.com\/fr\/wp-json\/wp\/v2\/users\/2"}],"replies":[{"embeddable":true,"href":"https:\/\/www.europesays.com\/fr\/wp-json\/wp\/v2\/comments?post=359650"}],"version-history":[{"count":0,"href":"https:\/\/www.europesays.com\/fr\/wp-json\/wp\/v2\/posts\/359650\/revisions"}],"wp:featuredmedia":[{"embeddable":true,"href":"https:\/\/www.europesays.com\/fr\/wp-json\/wp\/v2\/media\/359651"}],"wp:attachment":[{"href":"https:\/\/www.europesays.com\/fr\/wp-json\/wp\/v2\/media?parent=359650"}],"wp:term":[{"taxonomy":"category","embeddable":true,"href":"https:\/\/www.europesays.com\/fr\/wp-json\/wp\/v2\/categories?post=359650"},{"taxonomy":"post_tag","embeddable":true,"href":"https:\/\/www.europesays.com\/fr\/wp-json\/wp\/v2\/tags?post=359650"}],"curies":[{"name":"wp","href":"https:\/\/api.w.org\/{rel}","templated":true}]}}