{"id":359656,"date":"2025-09-02T01:44:12","date_gmt":"2025-09-02T01:44:12","guid":{"rendered":"https:\/\/www.europesays.com\/fr\/359656\/"},"modified":"2025-09-02T01:44:12","modified_gmt":"2025-09-02T01:44:12","slug":"la-passagere-dune-moto-grievement-blessee-dans-une-collision-la-conductrice-de-lautre-vehicule-implique-interpellee","status":"publish","type":"post","link":"https:\/\/www.europesays.com\/fr\/359656\/","title":{"rendered":"La passag\u00e8re d&rsquo;une moto gri\u00e8vement bless\u00e9e dans une collision, la conductrice de l&rsquo;autre v\u00e9hicule impliqu\u00e9 interpell\u00e9e"},"content":{"rendered":"<p class=\"rev-margin-0 rev-text-xs-normal\">\/ Gri\u00e8vement bless\u00e9e, cette derni\u00e8re a \u00e9t\u00e9 prise en charge par les marins-pompiers.<\/p>\n<p class=\"rev-margin-0 rev-text-xs-bold\">\/ PHOTO D&rsquo;ILLUSTRATION REMI DAUCHY<\/p>\n<p>La passag\u00e8re d\u2019un motard a \u00e9t\u00e9 gri\u00e8vement bless\u00e9e dans la matin\u00e9e de dimanche 31\u00a0ao\u00fbt, dans le 13e arrondissement de <a href=\"https:\/\/www.laprovence.com\/bouches-du-rhone\/marseille-13055\" target=\"_blank\" rel=\"nofollow noopener\">Marseille<\/a>, apr\u00e8s une collision avec un v\u00e9hicule dont la conductrice a pris la fuite.<\/p>\n<p>Il \u00e9tait 6\u00a0h\u00a015 hier, lorsqu\u2019une moto et une voiture sont entr\u00e9es en collision alors qu\u2019ils empruntaient l\u2019<a href=\"https:\/\/www.laprovence.com\/article\/faits-divers-justice\/75040971166842\/marseille-une-sexagenaire-decede-fauchee-par-une-voiture-sur-lavenue-jean-paul-sartre-13e\" target=\"_blank\" rel=\"nofollow noopener\">avenue Jean-Paul Sartre<\/a>.<\/p>\n<p>La fuyarde interpell\u00e9e \u00e0 l\u2019h\u00f4pital<\/p>\n<p>Selon une source polici\u00e8re, la conductrice du v\u00e9hicule aurait pris la <a href=\"https:\/\/www.laprovence.com\/article\/faits-divers-justice\/5547193304135314\/un-chauffard-a-seme-la-panique-sur-la-corniche-kennedy-a-marseille-et-grievement-blesse-2-personnes\" target=\"_blank\" rel=\"nofollow noopener\">fuite<\/a> apr\u00e8s avoir renvers\u00e9 le pilote du deux-roues et sa passag\u00e8re. Gri\u00e8vement bless\u00e9e, cette derni\u00e8re a \u00e9t\u00e9 prise en charge par les marins-pompiers, avant d\u2019\u00eatre transport\u00e9e en urgence \u00e0 l\u2019h\u00f4pital avec un pronostic vital engag\u00e9.<\/p>\n<p>Plus l\u00e9g\u00e8rement touch\u00e9, le pilote de la moto a lui aussi \u00e9t\u00e9 transport\u00e9 \u00e0 l\u2019h\u00f4pital. Quant \u00e0 la conductrice, elle a \u00e9t\u00e9 interpell\u00e9e un peu plus tard par la police, alors qu\u2019elle s\u2019\u00e9tait \u00e0 son tour rendue \u00e0 l\u2019h\u00f4pital.<\/p>\n<p>\u00c2g\u00e9e de 20 ans, elle a \u00e9t\u00e9 plac\u00e9e en garde \u00e0 vue. Elle devrait \u00eatre d\u00e9f\u00e9r\u00e9e devant un magistrat au palais de justice de Marseille ce mardi 2 septembre.\u00a0<\/p>\n<p><img alt=\"\" loading=\"lazy\" width=\"18\" height=\"18\" decoding=\"async\" data-nimg=\"1\" class=\"mx-[8px]\" style=\"color:transparent\" src=\"https:\/\/www.laprovence.com\/_next\/static\/media\/comment.b95dda91.svg\"\/>D\u00e9marrez la conversation<\/p>\n<p class=\"text-[1.8rem] mt-[32px]\">Votre opinion compte pour nous. Rejoignez la communaut\u00e9 laprovence.com en r\u00e9agissant sur l&rsquo;article La passag\u00e8re d&rsquo;une moto gri\u00e8vement bless\u00e9e dans une collision, la conductrice de l&rsquo;autre v\u00e9hicule impliqu\u00e9 interpell\u00e9e.<\/p>\n","protected":false},"excerpt":{"rendered":"\/ Gri\u00e8vement bless\u00e9e, cette derni\u00e8re a \u00e9t\u00e9 prise en charge par les marins-pompiers. \/ PHOTO D&rsquo;ILLUSTRATION REMI DAUCHY&hellip;\n","protected":false},"author":2,"featured_media":359657,"comment_status":"","ping_status":"","sticky":false,"template":"","format":"standard","meta":{"footnotes":""},"categories":[2814],"tags":[17,1111,11,10620,1102,1446,4440,1777,674,274,1011,27,3915,884,1457,12,22271,882,25,96],"class_list":{"0":"post-359656","1":"post","2":"type-post","3":"status-publish","4":"format-standard","5":"has-post-thumbnail","7":"category-marseille","8":"tag-17","9":"tag-actu","10":"tag-actualites","11":"tag-blessee","12":"tag-breakingnews","13":"tag-dans","14":"tag-dune","15":"tag-eu","16":"tag-europe","17":"tag-faits-divers-justice","18":"tag-fr","19":"tag-france","20":"tag-grievement","21":"tag-marseille","22":"tag-moto","23":"tag-news","24":"tag-passagere","25":"tag-provence-alpes-cote-dazur","26":"tag-republique-francaise","27":"tag-une"},"share_on_mastodon":{"url":"https:\/\/pubeurope.com\/@fr\/115132174421595450","error":""},"_links":{"self":[{"href":"https:\/\/www.europesays.com\/fr\/wp-json\/wp\/v2\/posts\/359656","targetHints":{"allow":["GET"]}}],"collection":[{"href":"https:\/\/www.europesays.com\/fr\/wp-json\/wp\/v2\/posts"}],"about":[{"href":"https:\/\/www.europesays.com\/fr\/wp-json\/wp\/v2\/types\/post"}],"author":[{"embeddable":true,"href":"https:\/\/www.europesays.com\/fr\/wp-json\/wp\/v2\/users\/2"}],"replies":[{"embeddable":true,"href":"https:\/\/www.europesays.com\/fr\/wp-json\/wp\/v2\/comments?post=359656"}],"version-history":[{"count":0,"href":"https:\/\/www.europesays.com\/fr\/wp-json\/wp\/v2\/posts\/359656\/revisions"}],"wp:featuredmedia":[{"embeddable":true,"href":"https:\/\/www.europesays.com\/fr\/wp-json\/wp\/v2\/media\/359657"}],"wp:attachment":[{"href":"https:\/\/www.europesays.com\/fr\/wp-json\/wp\/v2\/media?parent=359656"}],"wp:term":[{"taxonomy":"category","embeddable":true,"href":"https:\/\/www.europesays.com\/fr\/wp-json\/wp\/v2\/categories?post=359656"},{"taxonomy":"post_tag","embeddable":true,"href":"https:\/\/www.europesays.com\/fr\/wp-json\/wp\/v2\/tags?post=359656"}],"curies":[{"name":"wp","href":"https:\/\/api.w.org\/{rel}","templated":true}]}}