{"id":359659,"date":"2025-09-02T01:46:17","date_gmt":"2025-09-02T01:46:17","guid":{"rendered":"https:\/\/www.europesays.com\/fr\/359659\/"},"modified":"2025-09-02T01:46:17","modified_gmt":"2025-09-02T01:46:17","slug":"le-petit-dejeuner-sain-et-lyonnais-veut-sexporter-a-linternational","status":"publish","type":"post","link":"https:\/\/www.europesays.com\/fr\/359659\/","title":{"rendered":"le petit-d\u00e9jeuner sain et lyonnais veut s\u2019exporter \u00e0 l\u2019international"},"content":{"rendered":"<p>Pour Mathilde Gaymard, fondatrice de n\u00fcMorning, le petit-d\u00e9jeuner m\u00e9rite mieux que des c\u00e9r\u00e9ales trop sucr\u00e9es et des produits ultra-transform\u00e9s. \u00c0 Oullins-Pierre-B\u00e9nite, elle a cr\u00e9\u00e9, en 2017 avec son conjoint David Carle, une PME qui entend r\u00e9volutionner le petit-d\u00e9jeuner en conciliant l\u2019\u00e9quilibre nutritionnel, la gourmandise et l\u2019impact environnemental. L\u2019entreprise con\u00e7oit et fabrique granolas, mueslis prot\u00e9in\u00e9s, boissons alternatives au caf\u00e9 type cha\u00ef latt\u00e9 et barres de c\u00e9r\u00e9ales. La marque propose aujourd\u2019hui une gamme vendue en ligne et via un&#8230;<\/p>\n","protected":false},"excerpt":{"rendered":"Pour Mathilde Gaymard, fondatrice de n\u00fcMorning, le petit-d\u00e9jeuner m\u00e9rite mieux que des c\u00e9r\u00e9ales trop sucr\u00e9es et des produits&hellip;\n","protected":false},"author":2,"featured_media":359660,"comment_status":"","ping_status":"","sticky":false,"template":"","format":"standard","meta":{"footnotes":""},"categories":[1889],"tags":[1111,11,2430,33,1777,674,107,1011,27,2428,12,25],"class_list":{"0":"post-359659","1":"post","2":"type-post","3":"status-publish","4":"format-standard","5":"has-post-thumbnail","7":"category-lyon","8":"tag-actu","9":"tag-actualites","10":"tag-auvergne-rhone-alpes","11":"tag-economie","12":"tag-eu","13":"tag-europe","14":"tag-fil-info","15":"tag-fr","16":"tag-france","17":"tag-lyon","18":"tag-news","19":"tag-republique-francaise"},"share_on_mastodon":{"url":"https:\/\/pubeurope.com\/@fr\/115132182230708984","error":""},"_links":{"self":[{"href":"https:\/\/www.europesays.com\/fr\/wp-json\/wp\/v2\/posts\/359659","targetHints":{"allow":["GET"]}}],"collection":[{"href":"https:\/\/www.europesays.com\/fr\/wp-json\/wp\/v2\/posts"}],"about":[{"href":"https:\/\/www.europesays.com\/fr\/wp-json\/wp\/v2\/types\/post"}],"author":[{"embeddable":true,"href":"https:\/\/www.europesays.com\/fr\/wp-json\/wp\/v2\/users\/2"}],"replies":[{"embeddable":true,"href":"https:\/\/www.europesays.com\/fr\/wp-json\/wp\/v2\/comments?post=359659"}],"version-history":[{"count":0,"href":"https:\/\/www.europesays.com\/fr\/wp-json\/wp\/v2\/posts\/359659\/revisions"}],"wp:featuredmedia":[{"embeddable":true,"href":"https:\/\/www.europesays.com\/fr\/wp-json\/wp\/v2\/media\/359660"}],"wp:attachment":[{"href":"https:\/\/www.europesays.com\/fr\/wp-json\/wp\/v2\/media?parent=359659"}],"wp:term":[{"taxonomy":"category","embeddable":true,"href":"https:\/\/www.europesays.com\/fr\/wp-json\/wp\/v2\/categories?post=359659"},{"taxonomy":"post_tag","embeddable":true,"href":"https:\/\/www.europesays.com\/fr\/wp-json\/wp\/v2\/tags?post=359659"}],"curies":[{"name":"wp","href":"https:\/\/api.w.org\/{rel}","templated":true}]}}