{"id":359661,"date":"2025-09-02T01:47:19","date_gmt":"2025-09-02T01:47:19","guid":{"rendered":"https:\/\/www.europesays.com\/fr\/359661\/"},"modified":"2025-09-02T01:47:19","modified_gmt":"2025-09-02T01:47:19","slug":"un-adolescent-de-16-ans-poignarde-a-mort-pres-de-lyon-un-suspect-de-13-ans-interpelle","status":"publish","type":"post","link":"https:\/\/www.europesays.com\/fr\/359661\/","title":{"rendered":"Un adolescent de 16\u00a0ans poignard\u00e9 \u00e0 mort pr\u00e8s de Lyon, un suspect de 13\u00a0ans interpell\u00e9"},"content":{"rendered":"<p>Un jeune homme de 16\u00a0ans a \u00e9t\u00e9 poignard\u00e9 \u00e0 mort, dimanche soir dans la banlieue de Lyon, a indiqu\u00e9 lundi le parquet. Une source proche du dossier a pr\u00e9cis\u00e9 qu\u2019un adolescent de 13\u00a0ans a \u00e9t\u00e9 interpell\u00e9. Dimanche, vers 22\u00a0h\u00a030, \u00e0 Caluire-et-Cuire, un homme a menac\u00e9 un groupe de trois amis avec une arme blanche. Selon une source polici\u00e8re, il a port\u00e9 un coup au thorax \u00e0 l\u2019un d\u2019eux alors qu\u2019ils tentaient de fuir. La victime, admise \u00e0 l\u2019h\u00f4pital avec un pronostic vital engag\u00e9, a succomb\u00e9 \u00e0 ses blessures dans la nuit, selon la m\u00eame source.<\/p>\n","protected":false},"excerpt":{"rendered":"Un jeune homme de 16\u00a0ans a \u00e9t\u00e9 poignard\u00e9 \u00e0 mort, dimanche soir dans la banlieue de Lyon, a&hellip;\n","protected":false},"author":2,"featured_media":359662,"comment_status":"","ping_status":"","sticky":false,"template":"","format":"standard","meta":{"footnotes":""},"categories":[1889],"tags":[1111,11,2430,1777,674,1011,27,2428,12,25],"class_list":{"0":"post-359661","1":"post","2":"type-post","3":"status-publish","4":"format-standard","5":"has-post-thumbnail","7":"category-lyon","8":"tag-actu","9":"tag-actualites","10":"tag-auvergne-rhone-alpes","11":"tag-eu","12":"tag-europe","13":"tag-fr","14":"tag-france","15":"tag-lyon","16":"tag-news","17":"tag-republique-francaise"},"share_on_mastodon":{"url":"https:\/\/pubeurope.com\/@fr\/115132186116423449","error":""},"_links":{"self":[{"href":"https:\/\/www.europesays.com\/fr\/wp-json\/wp\/v2\/posts\/359661","targetHints":{"allow":["GET"]}}],"collection":[{"href":"https:\/\/www.europesays.com\/fr\/wp-json\/wp\/v2\/posts"}],"about":[{"href":"https:\/\/www.europesays.com\/fr\/wp-json\/wp\/v2\/types\/post"}],"author":[{"embeddable":true,"href":"https:\/\/www.europesays.com\/fr\/wp-json\/wp\/v2\/users\/2"}],"replies":[{"embeddable":true,"href":"https:\/\/www.europesays.com\/fr\/wp-json\/wp\/v2\/comments?post=359661"}],"version-history":[{"count":0,"href":"https:\/\/www.europesays.com\/fr\/wp-json\/wp\/v2\/posts\/359661\/revisions"}],"wp:featuredmedia":[{"embeddable":true,"href":"https:\/\/www.europesays.com\/fr\/wp-json\/wp\/v2\/media\/359662"}],"wp:attachment":[{"href":"https:\/\/www.europesays.com\/fr\/wp-json\/wp\/v2\/media?parent=359661"}],"wp:term":[{"taxonomy":"category","embeddable":true,"href":"https:\/\/www.europesays.com\/fr\/wp-json\/wp\/v2\/categories?post=359661"},{"taxonomy":"post_tag","embeddable":true,"href":"https:\/\/www.europesays.com\/fr\/wp-json\/wp\/v2\/tags?post=359661"}],"curies":[{"name":"wp","href":"https:\/\/api.w.org\/{rel}","templated":true}]}}