{"id":359665,"date":"2025-09-02T01:50:20","date_gmt":"2025-09-02T01:50:20","guid":{"rendered":"https:\/\/www.europesays.com\/fr\/359665\/"},"modified":"2025-09-02T01:50:20","modified_gmt":"2025-09-02T01:50:20","slug":"rare-temoin-du-patrimoine-royal-au-coeur-du-jardin-des-plantes-lhotel-de-magny-est-en-peril","status":"publish","type":"post","link":"https:\/\/www.europesays.com\/fr\/359665\/","title":{"rendered":"rare t\u00e9moin du patrimoine royal au c\u0153ur du Jardin des Plantes, l&rsquo;h\u00f4tel de Magny est en p\u00e9ril"},"content":{"rendered":"<p>            Par<br \/>\n        <strong><br \/>\n            <a href=\"https:\/\/actu.fr\/auteur\/redaction-paris\" title=\"Consulter tous les articles de R\u00e9daction Paris\" target=\"_blank\" rel=\"noopener\">R\u00e9daction Paris<\/a><br \/>\n        <\/strong><\/p>\n<p>        Publi\u00e9 le<\/p>\n<p>            1 sept. 2025 \u00e0 18h32        <\/p>\n<p>Une p\u00e9pite royale qui a tap\u00e9 dans l\u2019\u0153il de <a href=\"https:\/\/actu.fr\/tag\/stephane-bern\" target=\"_blank\" rel=\"noopener\">St\u00e9phane Bern<\/a>. Ce lundi 1er\u00a0septembre 2025, la <a href=\"https:\/\/actu.fr\/societe\/loto-du-patrimoine-2025-region-par-region-decouvrez-les-18-sites-en-peril-aides-par-la-mission-bern_62387825.html\" target=\"_blank\" rel=\"noopener\">Mission patrimoine<\/a> a d\u00e9voil\u00e9 son palmar\u00e8s des sites fran\u00e7ais qui pourront \u00eatre sauv\u00e9s du p\u00e9ril gr\u00e2ce \u00e0 l\u2019offre de jeux organis\u00e9e par la FDJ United. \u00c0 <a href=\"https:\/\/actu.fr\/paris\/dernieres-actus\" target=\"_blank\" rel=\"noopener\">Paris<\/a>, c\u2019est \u00ab\u2009un \u00e9difice embl\u00e9matique du Jardin des plantes\u2009\u00bb, dans le 5e arrondissement, qui a \u00e9t\u00e9 retenu\u2009: l\u2019<a href=\"https:\/\/www.mnhn.fr\/fr\/tournages-a-l-hotel-de-magny\" target=\"_blank\" rel=\"noopener\">h\u00f4tel de Magny<\/a>.<\/p>\n<p class=\" wall-content\">\u00ab\u2009Rare t\u00e9moignage du pass\u00e9 royal [du Jardin des Plantes] et \u00e9l\u00e9ment du patrimoine immobilier du<a href=\"https:\/\/actu.fr\/ile-de-france\/paris_75056\/apres-la-cyberattaque-au-museum-national-d-histoire-naturelle-de-paris-la-peur-du-vide-tout-a-ete-pris_63082260.html\" target=\"_blank\" rel=\"noopener\"> Mus\u00e9um national d\u2019Histoire naturelle\u2009<\/a>\u00bb, l\u2019\u00e9difice constitue un \u00ab\u2009exemple remarquable d\u2019architecture aristocratique parisienne de la fin du r\u00e8gne de Louis XIV\u2009\u00bb.<\/p>\n<p>Le b\u00e2timent s\u2019affaisse, du plomb dans la peinture\u2026<\/p>\n<p class=\" wall-content\">L\u2019h\u00f4tel de Magny a connu plusieurs transformations et agrandissements au fil des si\u00e8cles. Fragilis\u00e9 par le temps, il pr\u00e9sente un \u00e9tat de d\u00e9gradation avanc\u00e9e qu\u2019il est urgent d\u2019enrayer\u2009: les fa\u00e7ades ext\u00e9rieures sont ab\u00eem\u00e9es\u2009; le b\u00e2timent s\u2019affaisse dans le sol\u2009; les menuiseries v\u00e9tustes et la pr\u00e9sence de peinture au plomb accentuent ces probl\u00e9matiques.<\/p>\n<p class=\" wall-content\">Le projet de restauration vise \u00e0 restituer l\u2019int\u00e9grit\u00e9 patrimoniale et structurelle de l\u2019h\u00f4tel, pr\u00e9cise la Mission patrimoine. Il pr\u00e9voit la r\u00e9fection du clos et du couvert, la restauration des \u00e9l\u00e9ments disparus, la r\u00e9fection de la toiture, et l\u2019am\u00e9lioration des performances \u00e9nerg\u00e9tiques. Des am\u00e9nagements incluront la cr\u00e9ation d\u2019une rampe PMR, la restauration des int\u00e9rieurs ainsi que la reprise des r\u00e9seaux d\u2019assainissement pour s\u00e9curiser durablement le b\u00e2timent. La restauration de l\u2019\u00e9difice permettra \u00e9galement de restituer dans leur apparence d\u2019origine une marquise et deux lampadaires, install\u00e9s sur la fa\u00e7ade nord-ouest au XIXe si\u00e8cle et disparus au XXe.<\/p>\n<p class=\" wall-content\">Le d\u00e9but des travaux est pr\u00e9vu \u00e0 l\u2019automne 2025, pour une dur\u00e9e d\u2019environ deux ans. L\u2019objectif fix\u00e9 pour y parvenir est de r\u00e9colter 200\u2009000\u00a0euros de dons. Lundi apr\u00e8s-midi, la collecte atteignait quelque 83\u2009000\u00a0euros.<\/p>\n<p class=\" wall-content\">\u00c0 noter que des ouvertures exceptionnelles pourront \u00eatre envisag\u00e9es lors des Journ\u00e9es europ\u00e9ennes du patrimoine (les 20 et 21\u00a0septembre 2025). Des visites privil\u00e8ges seront \u00e9galement offertes en contrepartie (selon le montant du don).<\/p>\n<p class=\" wall-content\">Personnalisez votre actualit\u00e9 en ajoutant vos villes et m\u00e9dias en favori avec <a href=\"https:\/\/moncompte.actu.fr\" title=\"D\u00e9couvez Mon Actu\" rel=\"nofollow noopener\" data-trk=\"{&quot;cta&quot;:{&quot;action&quot;:&quot;https:\\\/\\\/moncompte.actu.fr&quot;,&quot;category&quot;:&quot;mon compte&quot;,&quot;from&quot;:&quot;article footer&quot;,&quot;name&quot;:&quot;Mon actu&quot;,&quot;type&quot;:&quot;cta&quot;}}\" target=\"_blank\">Mon Actu<\/a>.<\/p>\n","protected":false},"excerpt":{"rendered":"Par R\u00e9daction Paris Publi\u00e9 le 1 sept. 2025 \u00e0 18h32 Une p\u00e9pite royale qui a tap\u00e9 dans l\u2019\u0153il&hellip;\n","protected":false},"author":2,"featured_media":359666,"comment_status":"","ping_status":"","sticky":false,"template":"","format":"standard","meta":{"footnotes":""},"categories":[1888],"tags":[1111,1928,11,1927,1777,674,1011,27,10265,49505,12,1926,626,1925,25,104,18875],"class_list":{"0":"post-359665","1":"post","2":"type-post","3":"status-publish","4":"format-standard","5":"has-post-thumbnail","7":"category-paris","8":"tag-actu","9":"tag-actu-paris","10":"tag-actualites","11":"tag-actualites-paris","12":"tag-eu","13":"tag-europe","14":"tag-fr","15":"tag-france","16":"tag-loto","17":"tag-mission-patrimoine","18":"tag-news","19":"tag-news-paris","20":"tag-paris","21":"tag-paris-news","22":"tag-republique-francaise","23":"tag-societe","24":"tag-stephane-bern"},"share_on_mastodon":{"url":"https:\/\/pubeurope.com\/@fr\/115132197956439087","error":""},"_links":{"self":[{"href":"https:\/\/www.europesays.com\/fr\/wp-json\/wp\/v2\/posts\/359665","targetHints":{"allow":["GET"]}}],"collection":[{"href":"https:\/\/www.europesays.com\/fr\/wp-json\/wp\/v2\/posts"}],"about":[{"href":"https:\/\/www.europesays.com\/fr\/wp-json\/wp\/v2\/types\/post"}],"author":[{"embeddable":true,"href":"https:\/\/www.europesays.com\/fr\/wp-json\/wp\/v2\/users\/2"}],"replies":[{"embeddable":true,"href":"https:\/\/www.europesays.com\/fr\/wp-json\/wp\/v2\/comments?post=359665"}],"version-history":[{"count":0,"href":"https:\/\/www.europesays.com\/fr\/wp-json\/wp\/v2\/posts\/359665\/revisions"}],"wp:featuredmedia":[{"embeddable":true,"href":"https:\/\/www.europesays.com\/fr\/wp-json\/wp\/v2\/media\/359666"}],"wp:attachment":[{"href":"https:\/\/www.europesays.com\/fr\/wp-json\/wp\/v2\/media?parent=359665"}],"wp:term":[{"taxonomy":"category","embeddable":true,"href":"https:\/\/www.europesays.com\/fr\/wp-json\/wp\/v2\/categories?post=359665"},{"taxonomy":"post_tag","embeddable":true,"href":"https:\/\/www.europesays.com\/fr\/wp-json\/wp\/v2\/tags?post=359665"}],"curies":[{"name":"wp","href":"https:\/\/api.w.org\/{rel}","templated":true}]}}