{"id":359675,"date":"2025-09-02T01:55:14","date_gmt":"2025-09-02T01:55:14","guid":{"rendered":"https:\/\/www.europesays.com\/fr\/359675\/"},"modified":"2025-09-02T01:55:14","modified_gmt":"2025-09-02T01:55:14","slug":"poutine-accable-loccident-et-son-armee-progresse-2","status":"publish","type":"post","link":"https:\/\/www.europesays.com\/fr\/359675\/","title":{"rendered":"Poutine accable l\u2019Occident et son arm\u00e9e progresse"},"content":{"rendered":"<p>Vous avez rat\u00e9 les derniers \u00e9v\u00e9nements sur la <a href=\"https:\/\/www.20minutes.fr\/monde\/ukraine\/\" class=\"c-link c-link--is-underlined\" target=\"_blank\" rel=\"noopener\">guerre en Ukraine<\/a>\u00a0? 20 Minutes fait le point pour vous tous les soirs. Voici l\u2019essentiel de ce lundi 1er\u00a0septembre, 1.286e jour du conflit.<\/p>\n<p>Le fait du jour<\/p>\n<p>Poutine soutient sa version. Le pr\u00e9sident russe a d\u00e9fendu ce lundi son offensive en Ukraine, accusant une nouvelle fois l\u2019Occident d\u2019avoir d\u00e9clench\u00e9 le conflit, lors d\u2019un sommet organis\u00e9 par <a href=\"https:\/\/www.20minutes.fr\/dossier\/pekin\" class=\"c-link c-link--is-underlined\" target=\"_blank\" rel=\"noopener\">P\u00e9kin<\/a> \u00e0 Tianjin, en Chine. \u00ab\u00a0Cette crise n\u2019a pas \u00e9t\u00e9 d\u00e9clench\u00e9e par l\u2019attaque de la Russie en Ukraine, elle est le r\u00e9sultat d\u2019un coup d\u2019Etat en Ukraine, qui a \u00e9t\u00e9 soutenu et provoqu\u00e9 par l\u2019Occident\u00a0\u00bb, a affirm\u00e9 Vladimir Poutine lors d\u2019un sommet de l\u2019Organisation de coop\u00e9ration de Shanghai (OCS).<\/p>\n<p>Cette d\u00e9claration fait r\u00e9f\u00e9rence aux mouvements pro-europ\u00e9ens du Ma\u00efdan en Ukraine, qui ont forc\u00e9 le pr\u00e9sident prorusse du pays \u00e0 quitter le pouvoir en\u00a02014. <a href=\"https:\/\/www.20minutes.fr\/monde\/moscou\/\" class=\"c-link c-link--is-underlined\" target=\"_blank\" rel=\"noopener\">Moscou<\/a> avait alors annex\u00e9 la p\u00e9ninsule de Crim\u00e9e et soutenu des s\u00e9paratistes prorusses dans l\u2019est du pays, d\u00e9clenchant une guerre civile.<\/p>\n<p>\u00ab\u00a0La deuxi\u00e8me cause de la crise, ce sont les tentatives constantes de l\u2019Occident pour attirer l\u2019Ukraine dans l\u2019Otan\u00a0\u00bb, a ajout\u00e9 le dirigeant russe. Vladimir Poutine s\u2019est exprim\u00e9 devant ses principaux alli\u00e9s\u00a0: le pr\u00e9sident chinois Xi Jinping, le Premier ministre indien <a href=\"https:\/\/www.20minutes.fr\/monde\/narendra-modi\/\" class=\"c-link c-link--is-underlined\" target=\"_blank\" rel=\"noopener\">Narendra Modi<\/a> et le pr\u00e9sident iranien Massoud Pezeshkian.<\/p>\n<\/p>\n<p>Le chiffre du jour<\/p>\n<p>594 km2. C\u2019est la superficie de territoire ukrainien conquis par l\u2019arm\u00e9e russe sur le mois d\u2019ao\u00fbt, selon l\u2019analyse par l\u2019AFP des donn\u00e9es fournies par l\u2019Institut am\u00e9ricain pour l\u2019\u00e9tude de la guerre (ISW), qui travaille avec le Critical Threats Project (CTP). Cela signifie que les soldats russes progressent encore \u00e0 un rythme \u00e9lev\u00e9 en Ukraine mais un peu moins que le mois pr\u00e9c\u00e9dent.<\/p>\n<p>Les frappes russes sur l\u2019Ukraine de drones \u00e0 longue port\u00e9e ont, elles, baiss\u00e9 d\u2019environ un tiers en ao\u00fbt par rapport \u00e0 juillet, selon une autre analyse de l\u2019AFP r\u00e9alis\u00e9e lundi.<\/p>\n<p>Ces donn\u00e9es interviennent alors que les d\u00e9marches diplomatiques pour trouver une issue \u00e0 la guerre en Ukraine se sont acc\u00e9l\u00e9r\u00e9es ces derni\u00e8res semaines mais n\u2019ont produit pour l\u2019heure aucun effet concret.<\/p>\n<p>La d\u00e9claration du jour<\/p>\n<blockquote class=\"mx-m@xs mx-xxl@md color-ultramarine c-citation\">\n<p class=\"font-weight-regular@xs text-italic font-source-serif-pro text-l@xs c-citation__content\">\u00ab\u00a0J\u2019ai toujours clairement compris que c\u2019\u00e9tait une catastrophe pour l\u2019Ukraine. C\u2019est un chemin vers nulle part. C\u2019est une route directe vers la guerre civile\u00a0\u00bb<\/p>\n<\/blockquote>\n<p>Les paroles sont sign\u00e9es Viktor Ianoukovitch ce lundi. L\u2019ex-pr\u00e9sident ukrainien prorusse, r\u00e9fugi\u00e9 en Russie depuis\u00a02014, a fustig\u00e9 la volont\u00e9 de son pays de vouloir rejoindre l\u2019Otan, dans une rare apparition publique. Dans cette vid\u00e9o, diffus\u00e9e par l\u2019agence de presse publique russe Ria Novosti, Viktor Ianoukovitch s\u2019exprime face cam\u00e9ra, une premi\u00e8re depuis le d\u00e9but de l\u2019assaut russe en f\u00e9vrier\u00a02022.<\/p>\n<p>Aujourd\u2019hui \u00e2g\u00e9 de 75 ans, celui qui a dirig\u00e9 son pays de\u00a02010 \u00e0\u00a02014 d\u00e9clare qu\u2019il a \u00ab\u00a0toujours\u00a0\u00bb \u00e9t\u00e9 contre une adh\u00e9sion de son pays \u00e0 l\u2019Otan. Il assure \u00e9galement qu\u2019il s\u2019\u00e9tait fix\u00e9 comme \u00ab\u00a0objectif\u00a0\u00bb une adh\u00e9sion \u00e0 l\u2019Union europ\u00e9enne.<\/p>\n<p>Son d\u00e9part du pouvoir avait pourtant \u00e9t\u00e9 caus\u00e9 par des manifestations sur la place Ma\u00efdan \u00e0 Kiev d\u00e9clench\u00e9es apr\u00e8s sa d\u00e9cision, en novembre\u00a02013, de ne pas signer un accord d\u2019association entre l\u2019Ukraine et l\u2019Union europ\u00e9enne.<\/p>\n<p>La tendance<\/p>\n<p><a href=\"https:\/\/www.20minutes.fr\/politique\/emmanuel-macron\/\" class=\"c-link c-link--is-underlined\" target=\"_blank\" rel=\"noopener\">Emmanuel Macron<\/a> et le Premier ministre britannique <a href=\"https:\/\/www.20minutes.fr\/monde\/keir-starmer\/\" class=\"c-link c-link--is-underlined\" target=\"_blank\" rel=\"noopener\">Keir Starmer<\/a> copr\u00e9sideront jeudi \u00e0 l\u2019Elys\u00e9e, en pr\u00e9sence du pr\u00e9sident ukrainien Volodymyr Zelensky, une r\u00e9union des pays soutenant militairement l\u2019Ukraine, a annonc\u00e9 lundi la pr\u00e9sidence fran\u00e7aise. Cette r\u00e9union de la \u00ab\u00a0Coalition des volontaires\u00a0\u00bb, une trentaine de pays principalement europ\u00e9ens, se tiendra dans la matin\u00e9e, en visioconf\u00e9rence pour les chefs d\u2019Etat et de gouvernement qui ne seront pas \u00e0 Paris, a pr\u00e9cis\u00e9 l\u2019Elys\u00e9e.<\/p>\n<p>Dans la foul\u00e9e de la r\u00e9union entre six d\u2019entre eux et Donald Trump le 18\u00a0ao\u00fbt \u00e0 la Maison blanche, ils \u00ab\u00a0discuteront des travaux sur les garanties de s\u00e9curit\u00e9 pour l\u2019Ukraine conduits ces derni\u00e8res semaines et feront un point sur les cons\u00e9quences \u00e0 tirer de l\u2019attitude de la Russie qui s\u2019obstine \u00e0 refuser la paix\u00a0\u00bb.<\/p>\n<p>La participation du pr\u00e9sident am\u00e9ricain Donald Trump \u00e0 ce sommet \u00e0 Paris \u00ab\u00a0n\u2019est pour l\u2019instant pas pr\u00e9vue\u00a0\u00bb, avait-elle ajout\u00e9. L\u2019Elys\u00e9e n\u2019en fait pas non plus mention dans son communiqu\u00e9.<\/p>\n","protected":false},"excerpt":{"rendered":"Vous avez rat\u00e9 les derniers \u00e9v\u00e9nements sur la guerre en Ukraine\u00a0? 20 Minutes fait le point pour vous&hellip;\n","protected":false},"author":2,"featured_media":359676,"comment_status":"","ping_status":"","sticky":false,"template":"","format":"standard","meta":{"footnotes":""},"categories":[1590],"tags":[47,11,309,13469,1777,674,131,74,1916,18611,12,132,49506,220,135,134],"class_list":{"0":"post-359675","1":"post","2":"type-post","3":"status-publish","4":"format-standard","5":"has-post-thumbnail","7":"category-ukraine","8":"tag-actualite","9":"tag-actualites","10":"tag-chine","11":"tag-crimee","12":"tag-eu","13":"tag-europe","14":"tag-guerre-en-ukraine","15":"tag-monde","16":"tag-moscou","17":"tag-narendra-modi","18":"tag-news","19":"tag-russie","20":"tag-tianjin","21":"tag-ukraine","22":"tag-vladimir-poutine","23":"tag-volodymyr-zelensky"},"share_on_mastodon":{"url":"https:\/\/pubeurope.com\/@fr\/115132217708736908","error":""},"_links":{"self":[{"href":"https:\/\/www.europesays.com\/fr\/wp-json\/wp\/v2\/posts\/359675","targetHints":{"allow":["GET"]}}],"collection":[{"href":"https:\/\/www.europesays.com\/fr\/wp-json\/wp\/v2\/posts"}],"about":[{"href":"https:\/\/www.europesays.com\/fr\/wp-json\/wp\/v2\/types\/post"}],"author":[{"embeddable":true,"href":"https:\/\/www.europesays.com\/fr\/wp-json\/wp\/v2\/users\/2"}],"replies":[{"embeddable":true,"href":"https:\/\/www.europesays.com\/fr\/wp-json\/wp\/v2\/comments?post=359675"}],"version-history":[{"count":0,"href":"https:\/\/www.europesays.com\/fr\/wp-json\/wp\/v2\/posts\/359675\/revisions"}],"wp:featuredmedia":[{"embeddable":true,"href":"https:\/\/www.europesays.com\/fr\/wp-json\/wp\/v2\/media\/359676"}],"wp:attachment":[{"href":"https:\/\/www.europesays.com\/fr\/wp-json\/wp\/v2\/media?parent=359675"}],"wp:term":[{"taxonomy":"category","embeddable":true,"href":"https:\/\/www.europesays.com\/fr\/wp-json\/wp\/v2\/categories?post=359675"},{"taxonomy":"post_tag","embeddable":true,"href":"https:\/\/www.europesays.com\/fr\/wp-json\/wp\/v2\/tags?post=359675"}],"curies":[{"name":"wp","href":"https:\/\/api.w.org\/{rel}","templated":true}]}}