{"id":359681,"date":"2025-09-02T01:58:12","date_gmt":"2025-09-02T01:58:12","guid":{"rendered":"https:\/\/www.europesays.com\/fr\/359681\/"},"modified":"2025-09-02T01:58:12","modified_gmt":"2025-09-02T01:58:12","slug":"trois-decennies-damitie-entre-lallemagne-et-le-pays-de-guitres-ont-ete-celebrees","status":"publish","type":"post","link":"https:\/\/www.europesays.com\/fr\/359681\/","title":{"rendered":"trois d\u00e9cennies d\u2019amiti\u00e9 entre l\u2019Allemagne et le Pays de Gu\u00eetres ont \u00e9t\u00e9 c\u00e9l\u00e9br\u00e9es"},"content":{"rendered":"<p>Le Comit\u00e9 de jumelage du pays de Gu\u00eetres a v\u00e9cu cette ann\u00e9e 2025 un moment intense, en recevant ses homologues allemands de Schladen-Verla. Ce moment avait une particularit\u00e9 extraordinaire\u00a0: f\u00eater le trenti\u00e8me anniversaire de ce jumelage (1).<\/p>\n<p>Pour cette occasion, une d\u00e9l\u00e9gation du comit\u00e9 de jumelage allemand de Schladen-Verla a fait le d\u00e9placement et a \u00e9t\u00e9 accueillie par Martine Lecouleux, maire de Saint-Christophe-de-Double, et son conseil municipal. Un accueil chaleureux a \u00e9t\u00e9 r\u00e9serv\u00e9 en pr\u00e9sence des familles d\u2019accueil fran\u00e7aises conduites par Gilles Beguin, pr\u00e9sident. Apr\u00e8s la c\u00e9r\u00e9monie d\u2019accueil \u00e0 laquelle assistaient Madame Zeidler, maire de Schladen, Daniela Schulte, pr\u00e9sidente du comit\u00e9 allemand, ainsi que Madame le Consul d\u2019Allemagne de Bordeaux, des fleurs ont \u00e9t\u00e9 d\u00e9pos\u00e9es sur la tombe de l\u2019abb\u00e9 David et un arbre de l\u2019amiti\u00e9 a \u00e9galement \u00e9t\u00e9 plant\u00e9.<\/p>\n<p>Durant ce s\u00e9jour, des liens forts se sont r\u00e9affirm\u00e9s, encourageant la poursuite des \u00e9changes. Le comit\u00e9 du pays de Gu\u00eetres avait organis\u00e9 des visites qui ont enchant\u00e9 ses h\u00f4tes, \u00e0 Bordeaux, \u00e0 la Base sous-marine au bassin des lumi\u00e8res, pour assister \u00e0 la projection d\u2019images sur l\u2019\u00c9gypte, puis dans les Landes \u00e0 l\u2019\u00e9comus\u00e9e de Marqu\u00e8ze.<\/p>\n<p>Une \u00e9pop\u00e9e en brouette<\/p>\n<p>Avant le d\u00e9part, le comit\u00e9 allemand a restitu\u00e9 \u00e0 ses amis fran\u00e7ais la brouette, qui avait \u00e9t\u00e9 le symbole de la cr\u00e9ation de ce jumelage en 1994, o\u00f9 durant sept jours, trois \u00e9quipes de trois coureurs avaient rejoint Schladen \u00e0 pied. C\u2019est \u00e0 la suite de cette \u00e9pop\u00e9e qu\u2019une charte de jumelage avait \u00e9t\u00e9 sign\u00e9e avec les treize maires de l\u2019\u00e9poque des treize communes de l\u2019ex-canton de Gu\u00eetres. Par la suite, deux nouvelles communes se sont associ\u00e9es \u00e0 la d\u00e9marche\u00a0: Saint-Christophe-de-Double et Le\u00a0Fieu.<\/p>\n<p>L\u2019ann\u00e9e prochaine, ce sera au comit\u00e9 gu\u00eetraud de se rendre \u00e0 Schladen.<\/p>\n<p>(1) Une premi\u00e8re c\u00e9r\u00e9monie du trentenaire avait \u00e9t\u00e9 f\u00eat\u00e9e l\u2019an dernier \u00e0 Schladen.<\/p>\n","protected":false},"excerpt":{"rendered":"Le Comit\u00e9 de jumelage du pays de Gu\u00eetres a v\u00e9cu cette ann\u00e9e 2025 un moment intense, en recevant&hellip;\n","protected":false},"author":2,"featured_media":359682,"comment_status":"","ping_status":"","sticky":false,"template":"","format":"standard","meta":{"footnotes":""},"categories":[1587],"tags":[11,672,1804,1805,1803,1777,674,1801,12,1802],"class_list":{"0":"post-359681","1":"post","2":"type-post","3":"status-publish","4":"format-standard","5":"has-post-thumbnail","7":"category-allemagne","8":"tag-actualites","9":"tag-allemagne","10":"tag-bundesrepublik-deutschland","11":"tag-de","12":"tag-deutschland","13":"tag-eu","14":"tag-europe","15":"tag-germany","16":"tag-news","17":"tag-republique-federale-dallemagne"},"share_on_mastodon":{"url":"https:\/\/pubeurope.com\/@fr\/115132229433608336","error":""},"_links":{"self":[{"href":"https:\/\/www.europesays.com\/fr\/wp-json\/wp\/v2\/posts\/359681","targetHints":{"allow":["GET"]}}],"collection":[{"href":"https:\/\/www.europesays.com\/fr\/wp-json\/wp\/v2\/posts"}],"about":[{"href":"https:\/\/www.europesays.com\/fr\/wp-json\/wp\/v2\/types\/post"}],"author":[{"embeddable":true,"href":"https:\/\/www.europesays.com\/fr\/wp-json\/wp\/v2\/users\/2"}],"replies":[{"embeddable":true,"href":"https:\/\/www.europesays.com\/fr\/wp-json\/wp\/v2\/comments?post=359681"}],"version-history":[{"count":0,"href":"https:\/\/www.europesays.com\/fr\/wp-json\/wp\/v2\/posts\/359681\/revisions"}],"wp:featuredmedia":[{"embeddable":true,"href":"https:\/\/www.europesays.com\/fr\/wp-json\/wp\/v2\/media\/359682"}],"wp:attachment":[{"href":"https:\/\/www.europesays.com\/fr\/wp-json\/wp\/v2\/media?parent=359681"}],"wp:term":[{"taxonomy":"category","embeddable":true,"href":"https:\/\/www.europesays.com\/fr\/wp-json\/wp\/v2\/categories?post=359681"},{"taxonomy":"post_tag","embeddable":true,"href":"https:\/\/www.europesays.com\/fr\/wp-json\/wp\/v2\/tags?post=359681"}],"curies":[{"name":"wp","href":"https:\/\/api.w.org\/{rel}","templated":true}]}}