{"id":359691,"date":"2025-09-02T02:03:11","date_gmt":"2025-09-02T02:03:11","guid":{"rendered":"https:\/\/www.europesays.com\/fr\/359691\/"},"modified":"2025-09-02T02:03:11","modified_gmt":"2025-09-02T02:03:11","slug":"dette-publique-comment-en-est-on-arrives-la-une-histoire-economique-de-la-france-avec-pierre-cyrille-hautcoeur","status":"publish","type":"post","link":"https:\/\/www.europesays.com\/fr\/359691\/","title":{"rendered":"Dette publique\u00a0: comment en est-on arriv\u00e9s l\u00e0\u00a0? \/\/ Une histoire \u00e9conomique de la France avec Pierre-Cyrille Hautcoeur"},"content":{"rendered":"<p>\t\t  Dette publique\u00a0: comment en est-on arriv\u00e9s l\u00e0\u00a0? \/\/ Une histoire \u00e9conomique de la France avec Pierre-Cyrille Hautcoeur | France Culture                                <\/p>\n<p class=\"qg-visually-hidden\" tabindex=\"-1\">Dette publique\u00a0: comment en est-on arriv\u00e9s l\u00e0\u00a0? \/\/ Une histoire \u00e9conomique de la France avec Pierre-Cyrille Hautcoeur<\/p>\n<ul class=\"SkipLinks-list svelte-ahqaie\">\n<li>  Contenu  <\/li>\n<li>  Lecteur audio  <\/li>\n<li>  Menu  <\/li>\n<li>  Pied de page  <\/li>\n<\/ul>\n<p role=\"heading\" aria-level=\"1\" class=\"qg-sr-only svelte-mociyb\">France Culture<\/p>\n<p>                  <img decoding=\"async\" src=\"https:\/\/www.europesays.com\/fr\/wp-content\/uploads\/2025\/09\/400x400_sc_fc-entendez-vous-l-eco-2024-incarne-3000x3000.jpg\" width=\"400\" height=\"400\" alt=\"Entendez-vous l'\u00e9co ?\" loading=\"lazy\" fetchpriority=\"low\" data-testid=\"image-tag\" style=\"--_image-preview:url('data:image\/svg+xml,&lt;svg height=&quot;100%&quot; width=&quot;100%&quot; xmlns=&quot;http:\/\/www.w3.org\/2000\/svg&quot;&gt;&lt;defs&gt;&lt;filter id=&quot;f1&quot; x=&quot;0&quot; y=&quot;0&quot; xmlns=&quot;http:\/\/www.w3.org\/2000\/svg&quot;&gt;&lt;feGaussianBlur in=&quot;SourceGraphic&quot; stdDeviation=&quot;30&quot; \/&gt;&lt;\/filter&gt;&lt;\/defs&gt;&lt;rect width=&quot;100%&quot; height=&quot;100%&quot; fill=&quot;%23684878&quot; filter=&quot;url(%23f1)&quot; \/&gt;&lt;\/svg&gt;');\" aria-hidden=\"true\" class=\"svelte-1n5zs1o ratio\" onload=\"this.__e=event\" onerror=\"this.__e=event\"\/>   <\/p>\n<p class=\"ExpressionSummary-standFirst qg-tt4 qg-xtra-lh svelte-ccn03w\" data-testid=\"ExpressionSummary-standFirst\"><strong>Comme chaque semaine, nous revenons sur l&rsquo;actualit\u00e9 en nous penchant sur les causes du d\u00e9ficit, avant de consacrer une demi-heure \u00e0 l&rsquo;histoire de la pens\u00e9e \u00e9conomique avec Pierre-Cyrille Hautcoeur, qui publie une \u00ab\u00a0Histoire \u00e9conomique et sociale\u00a0\u00bb de la France de la Pr\u00e9histoire \u00e0 nos jours. <\/strong><\/p>\n","protected":false},"excerpt":{"rendered":"Dette publique\u00a0: comment en est-on arriv\u00e9s l\u00e0\u00a0? \/\/ Une histoire \u00e9conomique de la France avec Pierre-Cyrille Hautcoeur |&hellip;\n","protected":false},"author":2,"featured_media":359692,"comment_status":"","ping_status":"","sticky":false,"template":"","format":"standard","meta":{"footnotes":""},"categories":[4],"tags":[11,1011,27,12,25],"class_list":{"0":"post-359691","1":"post","2":"type-post","3":"status-publish","4":"format-standard","5":"has-post-thumbnail","7":"category-france","8":"tag-actualites","9":"tag-fr","10":"tag-france","11":"tag-news","12":"tag-republique-francaise"},"share_on_mastodon":{"url":"https:\/\/pubeurope.com\/@fr\/115132249134281672","error":""},"_links":{"self":[{"href":"https:\/\/www.europesays.com\/fr\/wp-json\/wp\/v2\/posts\/359691","targetHints":{"allow":["GET"]}}],"collection":[{"href":"https:\/\/www.europesays.com\/fr\/wp-json\/wp\/v2\/posts"}],"about":[{"href":"https:\/\/www.europesays.com\/fr\/wp-json\/wp\/v2\/types\/post"}],"author":[{"embeddable":true,"href":"https:\/\/www.europesays.com\/fr\/wp-json\/wp\/v2\/users\/2"}],"replies":[{"embeddable":true,"href":"https:\/\/www.europesays.com\/fr\/wp-json\/wp\/v2\/comments?post=359691"}],"version-history":[{"count":0,"href":"https:\/\/www.europesays.com\/fr\/wp-json\/wp\/v2\/posts\/359691\/revisions"}],"wp:featuredmedia":[{"embeddable":true,"href":"https:\/\/www.europesays.com\/fr\/wp-json\/wp\/v2\/media\/359692"}],"wp:attachment":[{"href":"https:\/\/www.europesays.com\/fr\/wp-json\/wp\/v2\/media?parent=359691"}],"wp:term":[{"taxonomy":"category","embeddable":true,"href":"https:\/\/www.europesays.com\/fr\/wp-json\/wp\/v2\/categories?post=359691"},{"taxonomy":"post_tag","embeddable":true,"href":"https:\/\/www.europesays.com\/fr\/wp-json\/wp\/v2\/tags?post=359691"}],"curies":[{"name":"wp","href":"https:\/\/api.w.org\/{rel}","templated":true}]}}