{"id":359711,"date":"2025-09-02T02:16:24","date_gmt":"2025-09-02T02:16:24","guid":{"rendered":"https:\/\/www.europesays.com\/fr\/359711\/"},"modified":"2025-09-02T02:16:24","modified_gmt":"2025-09-02T02:16:24","slug":"mikael-mittelstadt-rien-ne-tefface-revient-sur-la-mort-de-jonas-son-personnage-dans-la-serie-de-tf1","status":"publish","type":"post","link":"https:\/\/www.europesays.com\/fr\/359711\/","title":{"rendered":"Mika\u00ebl Mittelstadt (Rien ne t&rsquo;efface) revient sur la mort de Jonas, son personnage dans la s\u00e9rie de TF1"},"content":{"rendered":"<p>Dans <a href=\"https:\/\/www.programme-tv.net\/news\/series-tv\/384535-rien-ne-t-efface-quelles-sont-les-differences-entre-le-livre-et-la-serie-michel-bussi-repond\/\" data-api-deeplink=\"teleloisirs:\/\/news\/384535\" target=\"_blank\" rel=\"noopener\">Rien ne t&rsquo;efface, la s\u00e9rie adapt\u00e9e du roman de Michel Bussi<\/a> avec <a href=\"https:\/\/www.programme-tv.net\/news\/series-tv\/384548-il-a-fait-un-froid-de-gueux-gwendoline-hamon-et-benjamin-baroche-rien-ne-tefface-racontent-le-tournage-eprouvant-de-la-fiction-de-tf1\/\" data-api-deeplink=\"teleloisirs:\/\/news\/384548\" target=\"_blank\" rel=\"noopener\">Gwendoline Hamon<\/a> et <a href=\"https:\/\/www.programme-tv.net\/news\/series-tv\/386057-rien-ne-t-efface-benjamin-baroche-se-confie-sur-son-changement-de-look-pour-faire-oublier-teyssier-son-personnage-d-ici-tout-commence\/\" data-api-deeplink=\"teleloisirs:\/\/news\/386057\" target=\"_blank\" rel=\"noopener\">Benjamin Baroche<\/a>, Mika\u00ebl Mittelstadt campe un jeune papa au centre de toutes les suspicions&#8230; Mais dans le troisi\u00e8me \u00e9pisode de la fiction, ce dernier est d\u00e9finitivement exclu de la listes des suspects, et pour cause : son personnage trouve la mort ! Interview\u00e9 par T\u00e9l\u00e9-Loisirs, l&rsquo;acteur &#8211; bient\u00f4t \u00e0 l&rsquo;affiche de <a href=\"https:\/\/www.programme-tv.net\/news\/series-tv\/369357-exclu-apres-benjamin-baroche-claire-romain-et-mikael-mittelstadt-une-autre-actrice-d-ici-tout-commence-rejoint-le-casting-de-montmartre-la-nouvelle-serie-evenement-de-tf1\/\" data-api-deeplink=\"teleloisirs:\/\/news\/369357\" target=\"_blank\" rel=\"noopener\">l&rsquo;autre s\u00e9rie \u00e9v\u00e9nement de TF1 Montmartre<\/a> &#8211; nous raconte comment il a v\u00e9cu ce tournage, et revient sur son r\u00f4le de p\u00e8re<\/p>\n<p>\u00ab\u00a0J&rsquo;ai pass\u00e9 le permis moto en acc\u00e9l\u00e9r\u00e9 !\u00a0\u00bb : Mika\u00ebl Mittelstadt raconte comment il est entr\u00e9 dans la peau de son personnage dans Rien ne t&rsquo;efface<\/p>\n<p>T<b>\u00e9l\u00e9-Loisirs : Dans quelles mesure le r\u00f4le de Jonas a-t-il repr\u00e9sent\u00e9 un nouveau d\u00e9fi pour vous ?<br \/>Mika\u00ebl Mittelstadt<\/b> : Pour commencer, il est plus \u00e2g\u00e9 que moi puisqu\u2019il est cens\u00e9 avoir au moins 30 ans et que j\u2019en ai 26, d\u2019o\u00f9 la barbe ! Ensuite, avec son caract\u00e8re ambigu, en marge, c\u2019\u00e9tait aussi un challenge de semer le doute dans l\u2019esprit des t\u00e9l\u00e9spectateurs sans vendre la m\u00e8che. Comme il est passionn\u00e9 de moto, j\u2019ai pass\u00e9 le permis en acc\u00e9l\u00e9r\u00e9 afin d\u2019avoir les bons geste et la bonne posture. Et je dois dire que j\u2019ai \u00e9t\u00e9 mordu, car la sensation de libert\u00e9 est incroyable.<\/p>\n<p><b>Ce go\u00fbt pour la libert\u00e9, c\u2019est quelque chose que vous avez en commun avec lui, non ? <br \/><\/b>Compl\u00e8tement, d\u2019ailleurs j\u2019en avais parl\u00e9 avec <a href=\"https:\/\/www.programme-tv.net\/biographie\/52501-baroche-benjamin\/\" data-link-people=\"8581a166-0efa-4ded-82da-fcdf34fa3443\" target=\"_blank\" rel=\"noopener\">Benjamin (Baroche<\/a>, son ex partenaire de Ici tout commence \u00e9galement dans la s\u00e9rie, ndlr) qui m\u2019a fait remarquer que le personnage n\u2019\u00e9tait pas si loin de moi. On partage tous les deux cet appel de la for\u00eat, du sauvage.<\/p>\n<p>\u00ab\u00a0Gwendoline Hamon me donnait des gifles&#8230;\u00a0\u00bb : Mika\u00ebl Mittelstadt raconte la sc\u00e8ne de sa mort dans Rien ne t&rsquo;efface<\/p>\n<p><b>Autre pari, le fait d\u2019\u00eatre cr\u00e9dible dans un r\u00f4le de p\u00e8re&#8230; <br \/><\/b>Je l\u2019\u00e9tais d\u00e9j\u00e0 dans Ici tout commence, mais c\u2019\u00e9tait un b\u00e9b\u00e9 et je jouais quelqu&rsquo;un qui d\u00e9couvre la paternit\u00e9. L\u00e0, il fallait incarner un super-papa exp\u00e9riment\u00e9 et je ne m\u2019\u00e9tais jamais vraiment projet\u00e9 dans cette situation. Il se trouve que le jeune com\u00e9dien qui jouait mon fils \u00e9tait g\u00e9nial, il y a eu un vrai lien de parentalit\u00e9 qui s\u2019est nou\u00e9 entre nous.<\/p>\n<p><b>Comment avez-vous v\u00e9cu la sc\u00e8ne de la mort de votre personnage ?<br \/><\/b>Entre <a href=\"https:\/\/www.programme-tv.net\/news\/series-tv\/311008-les-combattantes-tf1-jetais-en-larmes-mikael-mittelstadt-revient-sur-la-mort-de-gus-son-personnage\/\" data-api-deeplink=\"teleloisirs:\/\/news\/311008\" target=\"_blank\" rel=\"noopener\">Les Combattantes <\/a>et <a href=\"https:\/\/www.programme-tv.net\/news\/series-tv\/378607-ex-star-dici-tout-commence-mikael-mittelstadt-va-jouer-filip-nikolic-le-leader-des-2be3-dans-le-biopic-de-tf1\/\" data-api-deeplink=\"teleloisirs:\/\/news\/378607\" target=\"_blank\" rel=\"noopener\">Filip<\/a>, j\u2019ai l\u2019impression que je meure \u00e0 chaque r\u00f4le ! Lorsque Maddi, jou\u00e9e par <a href=\"https:\/\/www.programme-tv.net\/biographie\/12891-hamon-gwendoline\/\" data-link-people=\"fd8403c5-c591-4aea-be0f-b5a4bacf9346\" target=\"_blank\" rel=\"noopener\">Gwendoline Hamon<\/a>, tente de me r\u00e9animer, \u00e7a a \u00e9t\u00e9 extr\u00eamement intense ! D\u00e8s la premi\u00e8re prise, elle \u00e9tait \u00e0 200 %, c&rsquo;\u00e9tait extraordinaire ! Je me disais qu\u2019il fallait que je sois \u00e0 la hauteur en essayant d\u2019\u00eatre le plus mort possible ! (Il rit)  Elle me donnait des gifles, des claques et j\u2019essayais de ne pas bouger un cil pour l\u2019aider. Mais je n\u2019ai pas bronch\u00e9 et j\u2019en suis tr\u00e8s fier ! (Il rit)<\/p>\n","protected":false},"excerpt":{"rendered":"Dans Rien ne t&rsquo;efface, la s\u00e9rie adapt\u00e9e du roman de Michel Bussi avec Gwendoline Hamon et Benjamin Baroche,&hellip;\n","protected":false},"author":2,"featured_media":359712,"comment_status":"","ping_status":"","sticky":false,"template":"","format":"standard","meta":{"footnotes":""},"categories":[1356],"tags":[1727,244,3934,58,59,1011,27,2173,49512,41096,252,199,5251,1364],"class_list":{"0":"post-359711","1":"post","2":"type-post","3":"status-publish","4":"format-standard","5":"has-post-thumbnail","7":"category-television","8":"tag-benjamin-baroche","9":"tag-commentaire","10":"tag-coulisses","11":"tag-divertissement","12":"tag-entertainment","13":"tag-fr","14":"tag-france","15":"tag-interview","16":"tag-mikau00ebl-mittelstadt","17":"tag-rien-ne-tefface","18":"tag-television","19":"tag-tf1","20":"tag-tu00e9lu00e9-loisirs","21":"tag-tv"},"share_on_mastodon":{"url":"https:\/\/pubeurope.com\/@fr\/115132300312184366","error":""},"_links":{"self":[{"href":"https:\/\/www.europesays.com\/fr\/wp-json\/wp\/v2\/posts\/359711","targetHints":{"allow":["GET"]}}],"collection":[{"href":"https:\/\/www.europesays.com\/fr\/wp-json\/wp\/v2\/posts"}],"about":[{"href":"https:\/\/www.europesays.com\/fr\/wp-json\/wp\/v2\/types\/post"}],"author":[{"embeddable":true,"href":"https:\/\/www.europesays.com\/fr\/wp-json\/wp\/v2\/users\/2"}],"replies":[{"embeddable":true,"href":"https:\/\/www.europesays.com\/fr\/wp-json\/wp\/v2\/comments?post=359711"}],"version-history":[{"count":0,"href":"https:\/\/www.europesays.com\/fr\/wp-json\/wp\/v2\/posts\/359711\/revisions"}],"wp:featuredmedia":[{"embeddable":true,"href":"https:\/\/www.europesays.com\/fr\/wp-json\/wp\/v2\/media\/359712"}],"wp:attachment":[{"href":"https:\/\/www.europesays.com\/fr\/wp-json\/wp\/v2\/media?parent=359711"}],"wp:term":[{"taxonomy":"category","embeddable":true,"href":"https:\/\/www.europesays.com\/fr\/wp-json\/wp\/v2\/categories?post=359711"},{"taxonomy":"post_tag","embeddable":true,"href":"https:\/\/www.europesays.com\/fr\/wp-json\/wp\/v2\/tags?post=359711"}],"curies":[{"name":"wp","href":"https:\/\/api.w.org\/{rel}","templated":true}]}}