{"id":359717,"date":"2025-09-02T02:19:10","date_gmt":"2025-09-02T02:19:10","guid":{"rendered":"https:\/\/www.europesays.com\/fr\/359717\/"},"modified":"2025-09-02T02:19:10","modified_gmt":"2025-09-02T02:19:10","slug":"voici-la-vitamine-que-tout-le-monde-devrait-prendre-apres-50-ans-pour-ne-pas-tomber-malade","status":"publish","type":"post","link":"https:\/\/www.europesays.com\/fr\/359717\/","title":{"rendered":"Voici la vitamine que tout le monde devrait prendre apr\u00e8s 50 ans pour ne pas tomber malade"},"content":{"rendered":"<p class=\"mb-4 text-lg md:leading-8 break-words\">On cite volontiers le fer pour l\u2019\u00e9nergie, le <strong>magn\u00e9sium contre la fatigue<\/strong> ou encore la vitamine C pour renforcer l\u2019immunit\u00e9. Mais une autre vitamine, beaucoup plus discr\u00e8te, semble pourtant avoir un r\u00f4le plus d\u00e9cisif encore. R\u00e9ginald Allouche, m\u00e9decin et ing\u00e9nieur, n\u2019h\u00e9site pas \u00e0 la placer au sommet de la hi\u00e9rarchie et \u00e0 la qualifier de \u00ab\u00a0reine des vitamines\u00a0\u00bb. Une appellation qui r\u00e9sume bien l\u2019importance de ce nutriment, souvent n\u00e9glig\u00e9 et pourtant essentiel au <strong>maintien d\u2019une bonne sant\u00e9<\/strong>.<\/p>\n<p>Des effets majeurs sur l\u2019organisme associ\u00e9s \u00e0 cette vitamine<\/p>\n<p class=\"mb-4 text-lg md:leading-8 break-words\">Dans une vid\u00e9o publi\u00e9e sur sa cha\u00eene YouTube, il prend le temps d\u2019en<strong> rappeler les multiples vertus<\/strong>. Selon lui, faire l\u2019impasse sur cette vitamine revient \u00e0 se priver d\u2019un levier majeur pour prot\u00e9ger son organisme sur le long terme. Les chiffres lui donnent raison : pr\u00e8s de 70 % des adultes en manqueraient, d\u2019apr\u00e8s Sant\u00e9 publique France. Une telle proportion explique pourquoi les sp\u00e9cialistes s\u2019alarment des <strong>cons\u00e9quences d\u2019une carence<\/strong>, aussi bien sur les d\u00e9fenses immunitaires que sur l\u2019\u00e9quilibre psychologique. Le r\u00f4le premier de cette vitamine concerne les os. Sans elle, le <strong>calcium et le phosphore<\/strong> circulent sans jamais se fixer correctement. \u00ab\u00a0C&rsquo;est gr\u00e2ce \u00e0 elle que le calcium et le phosphore trouvent leur place dans l&rsquo;os\u00a0\u00bb, insiste R\u00e9ginald Allouche. En cas de d\u00e9ficit, le squelette devient plus fragile, et les risques de fracture augmentent sensiblement avec l\u2019\u00e2ge. L\u2019effet (&#8230;)<\/p>\n<p class=\"mb-4 text-lg md:leading-8 break-words\"><a href=\"https:\/\/www.grazia.fr\/beaute\/forme-minceur\/voici-vitamine-tout-monde-devrait-prendre-apres-50-ans-pour-pas-tomber-malade-1183130.html?utm_campaign=partenariat&amp;utm_source=yahoo-articles&amp;utm_medium=flux\" rel=\"nofollow noopener\" target=\"_blank\" data-ylk=\"slk:Lire la suite sur Grazia;elm:context_link;itc:0;sec:content-canvas\" class=\"link \">Lire la suite sur Grazia<\/a><\/p>\n<p class=\"mb-4 text-lg md:leading-8 break-words\"><a href=\"https:\/\/www.grazia.fr\/mode\/looks-de-stars\/clara-luciani-porte-a-venise-la-tendance-pantalon-qui-allonge-et-affine-instantanement-lallure-1183134.html?utm_campaign=partenariat&amp;utm_source=yahoo-articles&amp;utm_medium=flux\" rel=\"nofollow noopener\" target=\"_blank\" data-ylk=\"slk:Clara Luciani porte \u00e0 Venise la tendance pantalon qui allonge et affine instantan\u00e9ment l&#039;allure;elm:context_link;itc:0;sec:content-canvas\" class=\"link \">Clara Luciani porte \u00e0 Venise la tendance pantalon qui allonge et affine instantan\u00e9ment l&rsquo;allure<\/a><br \/><a href=\"https:\/\/www.grazia.fr\/mode\/chaussure\/angele-adopte-paire-baskets-culte-tout-monde-vouloir-reporter-rentree-1183133.html?utm_campaign=partenariat&amp;utm_source=yahoo-articles&amp;utm_medium=flux\" rel=\"nofollow noopener\" target=\"_blank\" data-ylk=\"slk:Ang\u00e8le adopte cette paire de baskets culte que tout le monde va vouloir reporter \u00e0 la rentr\u00e9e;elm:context_link;itc:0;sec:content-canvas\" class=\"link \">Ang\u00e8le adopte cette paire de baskets culte que tout le monde va vouloir reporter \u00e0 la rentr\u00e9e<\/a><br \/><a href=\"https:\/\/www.grazia.fr\/beaute\/soins-visage-corps\/bronzage-dete-3-produits-qui-marchent-vraiment-pour-faire-durer-son-hale-le-plus-longtemps-possible-1183338.html?utm_campaign=partenariat&amp;utm_source=yahoo-articles&amp;utm_medium=flux\" rel=\"nofollow noopener\" target=\"_blank\" data-ylk=\"slk:Bronzage d&#039;\u00e9t\u00e9 : 3 produits qui marchent vraiment pour faire durer son h\u00e2le le plus longtemps possible;elm:context_link;itc:0;sec:content-canvas\" class=\"link \">Bronzage d&rsquo;\u00e9t\u00e9 : 3 produits qui marchent vraiment pour faire durer son h\u00e2le le plus longtemps possible<\/a><br \/><a href=\"https:\/\/www.grazia.fr\/beaute\/parfum\/diane-kruger-49-ans-voici-parfum-envoutant-accompagnee-longues-annees-fait-tellement-longtemps-porte-1182647.html?utm_campaign=partenariat&amp;utm_source=yahoo-articles&amp;utm_medium=flux\" rel=\"nofollow noopener\" target=\"_blank\" data-ylk=\"slk:Diane Kruger (49 ans) : voici le parfum envo\u00fbtant qui l\u2019a accompagn\u00e9e de longues ann\u00e9es, &quot;\u00c7a fait tellement longtemps que je le porte...&quot;;elm:context_link;itc:0;sec:content-canvas\" class=\"link \">Diane Kruger (49 ans) : voici le parfum envo\u00fbtant qui l\u2019a accompagn\u00e9e de longues ann\u00e9es, \u00ab\u00a0\u00c7a fait tellement longtemps que je le porte&#8230;\u00a0\u00bb<\/a><br \/><a href=\"https:\/\/www.grazia.fr\/people\/le-mystere-est-enfin-leve-le-yacht-de-luxe-sur-lequel-kate-et-william-ont-passe-leurs-vacances-en-grece-a-ete-identifie-1183330.html?utm_campaign=partenariat&amp;utm_source=yahoo-articles&amp;utm_medium=flux\" rel=\"nofollow noopener\" target=\"_blank\" data-ylk=\"slk:C&#039;est officiel, le yacht de luxe sur lequel Kate et William ont pass\u00e9 leurs vacances en Gr\u00e8ce a \u00e9t\u00e9 identifi\u00e9;elm:context_link;itc:0;sec:content-canvas\" class=\"link \">C&rsquo;est officiel, le yacht de luxe sur lequel Kate et William ont pass\u00e9 leurs vacances en Gr\u00e8ce a \u00e9t\u00e9 identifi\u00e9<\/a><\/p>\n","protected":false},"excerpt":{"rendered":"On cite volontiers le fer pour l\u2019\u00e9nergie, le magn\u00e9sium contre la fatigue ou encore la vitamine C pour&hellip;\n","protected":false},"author":2,"featured_media":359718,"comment_status":"","ping_status":"","sticky":false,"template":"","format":"standard","meta":{"footnotes":""},"categories":[10],"tags":[1011,27,72,49513,71,49514],"class_list":{"0":"post-359717","1":"post","2":"type-post","3":"status-publish","4":"format-standard","5":"has-post-thumbnail","7":"category-sante","8":"tag-fr","9":"tag-france","10":"tag-health","11":"tag-reginald-allouche","12":"tag-sante","13":"tag-vitamine"},"share_on_mastodon":{"url":"https:\/\/pubeurope.com\/@fr\/115132313168303015","error":""},"_links":{"self":[{"href":"https:\/\/www.europesays.com\/fr\/wp-json\/wp\/v2\/posts\/359717","targetHints":{"allow":["GET"]}}],"collection":[{"href":"https:\/\/www.europesays.com\/fr\/wp-json\/wp\/v2\/posts"}],"about":[{"href":"https:\/\/www.europesays.com\/fr\/wp-json\/wp\/v2\/types\/post"}],"author":[{"embeddable":true,"href":"https:\/\/www.europesays.com\/fr\/wp-json\/wp\/v2\/users\/2"}],"replies":[{"embeddable":true,"href":"https:\/\/www.europesays.com\/fr\/wp-json\/wp\/v2\/comments?post=359717"}],"version-history":[{"count":0,"href":"https:\/\/www.europesays.com\/fr\/wp-json\/wp\/v2\/posts\/359717\/revisions"}],"wp:featuredmedia":[{"embeddable":true,"href":"https:\/\/www.europesays.com\/fr\/wp-json\/wp\/v2\/media\/359718"}],"wp:attachment":[{"href":"https:\/\/www.europesays.com\/fr\/wp-json\/wp\/v2\/media?parent=359717"}],"wp:term":[{"taxonomy":"category","embeddable":true,"href":"https:\/\/www.europesays.com\/fr\/wp-json\/wp\/v2\/categories?post=359717"},{"taxonomy":"post_tag","embeddable":true,"href":"https:\/\/www.europesays.com\/fr\/wp-json\/wp\/v2\/tags?post=359717"}],"curies":[{"name":"wp","href":"https:\/\/api.w.org\/{rel}","templated":true}]}}