{"id":359719,"date":"2025-09-02T02:20:09","date_gmt":"2025-09-02T02:20:09","guid":{"rendered":"https:\/\/www.europesays.com\/fr\/359719\/"},"modified":"2025-09-02T02:20:09","modified_gmt":"2025-09-02T02:20:09","slug":"rabiot-pavard-donnarumma-le-bilan-dun-mercato-a-rebondissements","status":"publish","type":"post","link":"https:\/\/www.europesays.com\/fr\/359719\/","title":{"rendered":"Rabiot, Pavard, Donnarumma\u2026 Le bilan d\u2019un mercato \u00e0 rebondissements"},"content":{"rendered":"<p>Le mercato 2025 s\u2019est termin\u00e9 ce lundi, \u00e0 20\u00a0heures. Entre rebondissements et un record en termes de d\u00e9penses, bilan sur cette riche p\u00e9riode estivale.<\/p>\n<p class=\"fig-paragraph\">La fin d\u2019une longue et \u00e9prouvante p\u00e9riode pour tous les acteurs du ballon rond. Ce lundi, \u00e0 20\u00a0heures, s\u2019est clos la p\u00e9riode de\u00a0<a href=\"http:\/\/www.lefigaro.fr\/sports\/football\/transferts\/mercato-marco-asensio-n-est-plus-un-joueur-du-psg-20250901\" data-fig-type=\"NewsFlash\" data-gtm-custom-categorie=\"navigation\" data-gtm-custom-action=\"crossclick\" data-gtm-custom-label=\"Contextuel\" data-gtm-event=\"customEventSPE\" data-fig-domain=\"LEFIGARO\" rel=\"nofollow noopener\" target=\"_blank\">mercato<\/a>, qui avait d\u00e9but\u00e9 le 1er\u00a0juin. Pour cette p\u00e9riode estivale, les clubs n\u2019ont pas fait les choses \u00e0 moiti\u00e9. Avec plus de 8,86\u00a0milliards d\u2019euros d\u00e9pens\u00e9s, selon le site sp\u00e9cialis\u00e9 Transfermarkt, le mercato estival a battu son record de la saison 2023-2024 (8,85\u00a0milliards d\u2019euros).<\/p>\n<p class=\"fig-paragraph\">Si des transferts se sont vite r\u00e9gl\u00e9s, d\u2019autres ont d\u00fb attendre que le jeu de dominos se fasse. Comme Gianluigi Donnarumma, qui aura attendu le d\u00e9part du Br\u00e9silien Ederson de Manchester City vers la Turquie et le Fenerbah\u00e7e pour rejoindre l\u2019\u00e9quipe de Pep Guardiola (lundi soir, les clubs n\u2019avaient toutefois pas officialis\u00e9 la nouvelle). D\u2019abord h\u00e9ros lors du parcours historique du Paris SG en Ligue des champions, le gardien italien sera pass\u00e9 du r\u00eave au cauchemar cet \u00e9t\u00e9. Avec l\u2019arriv\u00e9e de<a href=\"http:\/\/www.lefigaro.fr\/sports\/football\/ligue-1\/mon-instinct-me-dit-qu-il-a-tout-pour-reussir-pourquoi-lucas-chevalier-a-seduit-luis-enrique-et-le-psg-20250817\" data-fig-type=\"NewsFlash\" data-gtm-custom-categorie=\"navigation\" data-gtm-custom-action=\"crossclick\" data-gtm-custom-label=\"Contextuel\" data-gtm-event=\"customEventSPE\" data-fig-domain=\"LEFIGARO\" rel=\"nofollow noopener\" target=\"_blank\">\u00a0Lucas Chevalier d\u00e9but ao\u00fbt dans la capitale pour 40\u00a0millions d\u2019euros<\/a>, Donnarumma en aura pay\u00e9\u2026<\/p>\n<p class=\"fig-premium-paywall__infos\">\n        Cet article est r\u00e9serv\u00e9 aux abonn\u00e9s.        Il vous reste 81% \u00e0 d\u00e9couvrir.\n    <\/p>\n<p>                <img  data- alt=\"Le Figaro\" class=\"fig-img--complete fig-img\"\/><\/p>\n<p class=\"fig-premium-paywall__title\">Vente Flash<\/p>\n<p class=\"fig-premium-paywall__subtitle\">4,99\u20ac par mois pendant 12 mois. Sans engagement<\/p>\n<p class=\"fig-premium-paywall__connect\">\n                D\u00e9j\u00e0 abonn\u00e9\u00a0?                <a class=\"fig-premium-paywall__connect-link\" href=\"https:\/\/connect.lefigaro.fr\/login?client=horizon_web&amp;type=main&amp;redirect_uri=https%3A%2F%2Fwww.lefigaro.fr%2Fsports%2Ffootball%2Ftransferts%2Frabiot-pavard-donnarumma-le-bilan-d-un-mercato-a-rebondissements-20250901\" data-js-gtm=\"{&quot;customCategorie&quot;: &quot;conversion&quot;, &quot;customAction&quot;: &quot;before_Landing_Connexion_paywall_auto&quot;, &quot;customLabel&quot;: &quot;bGVmaWdhcm8uZnJfXzFmMDg3NDk2LWMxODMtNmM4Ni1hZWQzLTRiOTIxYjEzNTZlN19fQXJ0aWNsZQ==_Rabiot, Pavard, Donnarumma\u2026 Le bilan d\u2019un mercato \u00e0 rebondissements_586&quot;, &quot;customIDSPE&quot;: &quot;bGVmaWdhcm8uZnJfXzFmMDg3NDk2LWMxODMtNmM4Ni1hZWQzLTRiOTIxYjEzNTZlN19fQXJ0aWNsZQ==&quot;, &quot;event&quot;: &quot;customEventSPE&quot;}\" rel=\"nofollow noopener\" target=\"_blank\"><br \/>\n                    Connectez-vous<br \/>\n                <\/a>\n            <\/p>\n","protected":false},"excerpt":{"rendered":"Le mercato 2025 s\u2019est termin\u00e9 ce lundi, \u00e0 20\u00a0heures. Entre rebondissements et un record en termes de d\u00e9penses,&hellip;\n","protected":false},"author":2,"featured_media":359720,"comment_status":"","ping_status":"","sticky":false,"template":"","format":"standard","meta":{"footnotes":""},"categories":[9],"tags":[2329,1011,27,10528,1434,60],"class_list":{"0":"post-359719","1":"post","2":"type-post","3":"status-publish","4":"format-standard","5":"has-post-thumbnail","7":"category-sports","8":"tag-adrien-rabiot","9":"tag-fr","10":"tag-france","11":"tag-gianluigi-donnarumma","12":"tag-mercato","13":"tag-sports"},"share_on_mastodon":{"url":"https:\/\/pubeurope.com\/@fr\/115132315938542762","error":""},"_links":{"self":[{"href":"https:\/\/www.europesays.com\/fr\/wp-json\/wp\/v2\/posts\/359719","targetHints":{"allow":["GET"]}}],"collection":[{"href":"https:\/\/www.europesays.com\/fr\/wp-json\/wp\/v2\/posts"}],"about":[{"href":"https:\/\/www.europesays.com\/fr\/wp-json\/wp\/v2\/types\/post"}],"author":[{"embeddable":true,"href":"https:\/\/www.europesays.com\/fr\/wp-json\/wp\/v2\/users\/2"}],"replies":[{"embeddable":true,"href":"https:\/\/www.europesays.com\/fr\/wp-json\/wp\/v2\/comments?post=359719"}],"version-history":[{"count":0,"href":"https:\/\/www.europesays.com\/fr\/wp-json\/wp\/v2\/posts\/359719\/revisions"}],"wp:featuredmedia":[{"embeddable":true,"href":"https:\/\/www.europesays.com\/fr\/wp-json\/wp\/v2\/media\/359720"}],"wp:attachment":[{"href":"https:\/\/www.europesays.com\/fr\/wp-json\/wp\/v2\/media?parent=359719"}],"wp:term":[{"taxonomy":"category","embeddable":true,"href":"https:\/\/www.europesays.com\/fr\/wp-json\/wp\/v2\/categories?post=359719"},{"taxonomy":"post_tag","embeddable":true,"href":"https:\/\/www.europesays.com\/fr\/wp-json\/wp\/v2\/tags?post=359719"}],"curies":[{"name":"wp","href":"https:\/\/api.w.org\/{rel}","templated":true}]}}