{"id":359721,"date":"2025-09-02T02:21:09","date_gmt":"2025-09-02T02:21:09","guid":{"rendered":"https:\/\/www.europesays.com\/fr\/359721\/"},"modified":"2025-09-02T02:21:09","modified_gmt":"2025-09-02T02:21:09","slug":"paul-gasnier-raconte-le-deces-de-sa-mere-provoque-par-un-rodeo-urbain","status":"publish","type":"post","link":"https:\/\/www.europesays.com\/fr\/359721\/","title":{"rendered":"Paul Gasnier raconte le d\u00e9c\u00e8s de sa m\u00e8re provoqu\u00e9 par un rod\u00e9o urbain"},"content":{"rendered":"<p>    Paul Gasnier dans le \u00abGrand portrait\u00bb de Sonia Devillers sur France Inter<br \/>\n                Capture d&rsquo;\u00e9cran<\/p>\n<p>Invit\u00e9 de Sonia Devillers sur France Inter ce lundi 1er septembre pour le \u00abGrand portrait\u00bb du jour, le chroniqueur de \u00abQuotidien\u00bb a livr\u00e9 de rares confidences sur la mort de sa m\u00e8re, qu\u2019il \u00e9voque de son livre La Collision.<\/p>\n<p class=\"fig-paragraph\">C\u2019est la premi\u00e8re fois que le chroniqueur de<a href=\"https:\/\/tvmag.lefigaro.fr\/programme-tv\/programme\/quotidien-d548742687\" target=\"_blank\" rel=\"noopener nofollow\" data-gtm-custom-categorie=\"navigation\" data-gtm-custom-action=\"crossclick\" data-gtm-custom-label=\"Contextuel\" data-gtm-event=\"customEventSPE\">\u00abQuotidien\u00bb<\/a><strong>\u00a0<\/strong>sur TMC \u00e9voque publiquement le d\u00e9c\u00e8s de sa m\u00e8re en 2012, alors qu\u2019il n\u2019avait que 22 ans. <strong>Paul Gasnier <\/strong>\u00e9tait l\u2019invit\u00e9 de\u00a0<a href=\"https:\/\/www.lefigaro.fr\/tag\/sonia-devillers\" target=\"_blank\" rel=\"noopener nofollow\" data-gtm-custom-categorie=\"navigation\" data-gtm-custom-action=\"crossclick\" data-gtm-custom-label=\"Contextuel\" data-gtm-event=\"customEventSPE\">Sonia Devillers<\/a>\u00a0dans le \u00abGrand portrait\u00bb du jour de France Inter pour promouvoir son livre fra\u00eechement paru et dont le titre est clair\u00a0: La Collision.<\/p>\n<p class=\"fig-paragraph\">Premier roman du jeune auteur de 35 ans, l\u2019\u0153uvre retrace justement l\u2019histoire de la mort de sa m\u00e8re. Un drame sur lequel le chroniqueur de l\u2019\u00e9mission pr\u00e9sent\u00e9e par\u00a0<a href=\"https:\/\/www.lefigaro.fr\/tag\/yann-barthes\" target=\"_blank\" rel=\"noopener nofollow\" data-gtm-custom-categorie=\"navigation\" data-gtm-custom-action=\"crossclick\" data-gtm-custom-label=\"Contextuel\" data-gtm-event=\"customEventSPE\">Yann Barth\u00e8s<\/a>\u00a0est revenu en d\u00e9tail ce matin sur la station du groupe Radio France. \u00ab Vous ne l\u2019appeliez jamais maman\u00a0? \u00bb, a demand\u00e9 l\u2019animatrice \u00e0 son invit\u00e9.<\/p>\n<p>                                    <a class=\"fig-a11y-skip a11y-hidden\" href=\"#fig-a11y-skip-main-inarticle\"><br \/>\n        Passer la publicit\u00e9<br \/>\n    <\/a><\/p>\n<p class=\"fig-paragraph\">\u00ab Non, et c\u2019\u00e9tait le signe de notre proximit\u00e9. J\u2019avais moins un rapport d\u2019enfant \u00e0 maman que d\u2019ami \u00e0 amie. C\u2019\u00e9tait ma meilleure amie en r\u00e9alit\u00e9.\u00a0\u00bb, a-t-il r\u00e9pondu. Paul Gasnier revient ensuite sur ses motivations pour \u00e9crire ce roman\u00a0: \u00ab Le livre s\u2019int\u00e9resse plus au portrait du jeune homme qui l\u2019a tu\u00e9e, Sa\u00efd, qu\u2019\u00e0 ma m\u00e8re. C\u2019est \u00e9tonnant, je ne l\u2019explique pas. C\u2019est quelque chose qui s\u2019est impos\u00e9 naturellement.\u00a0\u00bb<\/p>\n<p class=\"fig-paragraph\">Le journaliste s\u2019est ensuite lanc\u00e9 dans le r\u00e9cit de l\u2019accident de sa m\u00e8re. Une s\u00e9quence poignante \u00e0 laquelle ont assist\u00e9 les auditeurs de la station. \u00ab 6 juin 2012 \u00e0 17h13, ma m\u00e8re est \u00e0 v\u00e9lo sur une petite rue des pentes de la Croix-Rousse, qui est un quartier populaire tr\u00e8s central \u00e0 Lyon, au pied de l\u2019h\u00f4tel de ville. Elle se rend \u00e0 son centre de yoga qui vient d\u2019ouvrir. Elle \u00e9tait devenue professeure de yoga \u00e0 la fin de sa vie. \u00c0 ce moment-l\u00e0, un jeune du quartier fait des tours du quartier sur une motocross qu\u2019il ne sait pas conduire\u00bb, raconte-t-il tristement.<\/p>\n<p class=\"fig-body-link\">\n            \u00c0 lire aussi<br \/>\n        <a class=\"fig-body-link__link\" href=\"http:\/\/tvmag.lefigaro.fr\/programme-tv\/people\/mon-job-a-quotidien-je-ne-l-ai-pas-eu-grace-a-eux-ambre-chalumeau-dement-avoir-ete-pistonnee-par-ses-parents-20250729\" target=\"_blank\" data-fig-type=\"Article\" rel=\"noopener nofollow\" data-gtm-custom-categorie=\"navigation\" data-gtm-custom-action=\"crossclick\" data-gtm-custom-label=\"Contextuel\" data-gtm-event=\"customEventSPE\" data-fig-domain=\"TVMAG\">\u00abMon job \u00e0 \u201cQuotidien\u201d, je ne l\u2019ai pas eu gr\u00e2ce \u00e0 eux\u00bb\u00a0: Ambre Chalumeau d\u00e9ment avoir \u00e9t\u00e9 pistonn\u00e9e par ses parents<br \/>\n    <\/a>\n<\/p>\n<p class=\"fig-paragraph\">Un drame qui aurait pourtant pu \u00eatre \u00e9vit\u00e9. \u00ab Il n\u2019a pas le permis, il est d\u00e9fonc\u00e9 au cannabis&#8230; Il d\u00e9cide de faire une roue arri\u00e8re pour impressionner ses copains, et il remonte la rue \u00e0 toute allure. Une toute petite rue \u00e9troite, \u00e0 80km\/h. Il la percute tr\u00e8s violemment. Elle tombe dans le coma quasi imm\u00e9diatement. Elle d\u00e9c\u00e8de une semaine apr\u00e8s \u00e0 l\u2019h\u00f4pital. C\u2019\u00e9tait en pleine journ\u00e9e, il y avait beaucoup de monde dans la rue, et ce que je raconte dans le livre, c\u2019est tout ce qu\u2019il s\u2019est pass\u00e9 apr\u00e8s la collision. Les passants se sont pr\u00e9cipit\u00e9s sur ma m\u00e8re et sur ce jeune pour les aider. Les copains du motard sont arriv\u00e9s pour retirer la moto et partir avec pour maquiller la sc\u00e8ne de l\u2019accident. Une bagarre a \u00e9clat\u00e9 alors que ma m\u00e8re gisait \u00e0 terre \u00bb, t\u00e9moigne-t-il encore.<\/p>\n<blockquote class=\"fig-quote&#10;    \">\n<p class=\"fig-quote__text\">J\u2019aurais pu basculer<\/p>\n<p>            Paul Gasnier\n    <\/p><\/blockquote>\n<p class=\"fig-paragraph\">Un \u00e9v\u00e9nement qui peut pousser \u00e0 la col\u00e8re, voire \u00e0 la vengeance. C\u2019est ce que l\u2019auteur relate dans son livre. \u00ab Ce jeune-l\u00e0, Sa\u00efd, qui a tu\u00e9 ma m\u00e8re, et tous les jeunes qui font des rod\u00e9os urbains, ils sont obs\u00e9d\u00e9s par une chose\u00a0: attirer l\u2019attention de leurs potes qui les regardent. (&#8230;) J\u2019aurais pu basculer et devenir un jeune d\u2019extr\u00eame droite plein de haine. \u00c7a nous pend tous au nez quand il y a quelque chose comme \u00e7a qui nous arrive aussi jeune. Ce n\u2019est pas un hasard si \u00e7a m\u2019a mis treize ans pour \u00e9crire ce livre. Heureusement que je ne l\u2019ai pas \u00e9crit juste apr\u00e8s l\u2019accident. \u00c7a aurait \u00e9t\u00e9 un d\u00e9fouloir \u00bb, estime-t-il au micro de Sonia Devillers.<\/p>\n","protected":false},"excerpt":{"rendered":"Paul Gasnier dans le \u00abGrand portrait\u00bb de Sonia Devillers sur France Inter Capture d&rsquo;\u00e9cran Invit\u00e9 de Sonia Devillers&hellip;\n","protected":false},"author":2,"featured_media":359722,"comment_status":"","ping_status":"","sticky":false,"template":"","format":"standard","meta":{"footnotes":""},"categories":[8],"tags":[58,59,1011,27,9102,1404,1405],"class_list":{"0":"post-359721","1":"post","2":"type-post","3":"status-publish","4":"format-standard","5":"has-post-thumbnail","7":"category-divertissement","8":"tag-divertissement","9":"tag-entertainment","10":"tag-fr","11":"tag-france","12":"tag-france-inter","13":"tag-quotidien","14":"tag-yann-barthes"},"share_on_mastodon":{"url":"","error":""},"_links":{"self":[{"href":"https:\/\/www.europesays.com\/fr\/wp-json\/wp\/v2\/posts\/359721","targetHints":{"allow":["GET"]}}],"collection":[{"href":"https:\/\/www.europesays.com\/fr\/wp-json\/wp\/v2\/posts"}],"about":[{"href":"https:\/\/www.europesays.com\/fr\/wp-json\/wp\/v2\/types\/post"}],"author":[{"embeddable":true,"href":"https:\/\/www.europesays.com\/fr\/wp-json\/wp\/v2\/users\/2"}],"replies":[{"embeddable":true,"href":"https:\/\/www.europesays.com\/fr\/wp-json\/wp\/v2\/comments?post=359721"}],"version-history":[{"count":0,"href":"https:\/\/www.europesays.com\/fr\/wp-json\/wp\/v2\/posts\/359721\/revisions"}],"wp:featuredmedia":[{"embeddable":true,"href":"https:\/\/www.europesays.com\/fr\/wp-json\/wp\/v2\/media\/359722"}],"wp:attachment":[{"href":"https:\/\/www.europesays.com\/fr\/wp-json\/wp\/v2\/media?parent=359721"}],"wp:term":[{"taxonomy":"category","embeddable":true,"href":"https:\/\/www.europesays.com\/fr\/wp-json\/wp\/v2\/categories?post=359721"},{"taxonomy":"post_tag","embeddable":true,"href":"https:\/\/www.europesays.com\/fr\/wp-json\/wp\/v2\/tags?post=359721"}],"curies":[{"name":"wp","href":"https:\/\/api.w.org\/{rel}","templated":true}]}}