{"id":359724,"date":"2025-09-02T02:23:09","date_gmt":"2025-09-02T02:23:09","guid":{"rendered":"https:\/\/www.europesays.com\/fr\/359724\/"},"modified":"2025-09-02T02:23:09","modified_gmt":"2025-09-02T02:23:09","slug":"pour-le-prochain-budget-le-rassemblement-national-appelle-a-allonger-a-3-jours-la-carence-des-arrets-de-travail-pour-les-fonctionnaires","status":"publish","type":"post","link":"https:\/\/www.europesays.com\/fr\/359724\/","title":{"rendered":"Pour le prochain budget, le Rassemblement national appelle \u00e0 allonger \u00e0 3 jours la carence des arr\u00eats de travail pour les fonctionnaires"},"content":{"rendered":"<p>Invit\u00e9 de \u00ab\u00a0Face \u00e0 BFM\u00a0\u00bb ce lundi, le d\u00e9put\u00e9 du Rassemblement national, Jean-Philippe Tanguy, a appel\u00e9 \u00e0 allonger \u00e0 trois jours la dur\u00e9e de la carence des arr\u00eats de travail dans la fonction publique, dans le cadre du budget pour 2026.<\/p>\n<p>Voil\u00e0 un sujet explosif auquel le Rassemblement national pourrait s&rsquo;attaquer s&rsquo;il prend du galon apr\u00e8s le vote de confiance le 8 septembre. <a href=\"https:\/\/www.bfmtv.com\/politique\/gouvernement\/dissolution-fracture-a-gauche-jours-feries-les-moments-forts-du-face-a-bfm-avec-les-responsables-politiques-avant-le-vote-de-confiance_AN-202509010886.html\" title=\"Dissolution, fracture \u00e0 gauche, jours f\u00e9ri\u00e9s... Les moments forts du &quot;Face \u00e0 BFM&quot; avec les responsables politiques avant le vote de confiance\" class=\"internal_link\" rel=\"nofollow noopener\" target=\"_blank\">Invit\u00e9 de Face \u00e0 BFM<\/a> ce lundi 1er septembre, le d\u00e9put\u00e9 du Rassemblement national (RN), Jean-Philippe Tanguy, a appel\u00e9 \u00e0 allonger \u00e0 trois jours la carence des <a href=\"https:\/\/www.bfmtv.com\/economie\/economie-social\/il-y-a-des-abus-mais-ca-reste-exceptionnel-que-risquent-les-500-medecins-qui-prescrivent-deux-fois-plus-d-arrets-maladie-que-leurs-confreres_AV-202509010689.html\" title=\"&quot;Il y a des abus mais \u00e7a reste exceptionnel&quot;: que risquent les 500 m\u00e9decins qui prescrivent deux fois plus d&#039;arr\u00eats maladie que leurs confr\u00e8res?\" class=\"internal_link\" rel=\"nofollow noopener\" target=\"_blank\">arr\u00eats de travail<\/a> dans la fonction publique.<\/p>\n<blockquote class=\"embed embed_quote\"><p>\u00ab\u00a0On ne peut pas dire aux Fran\u00e7aises et aux Fran\u00e7ais &lsquo;on rase gratis'\u00a0\u00bb, a-t-il d\u00e9clar\u00e9 r\u00e9pondant qu&rsquo;il est favorable \u00e0 appliquer une telle mesure dans le cadre du prochain budget pour 2026.<\/p><\/blockquote>\n<p>Pour rappel, le gouvernement avait aussi un temps envisag\u00e9 d&rsquo;aligner la dur\u00e9e de la carence des arr\u00eats de travail des fonctionnaires sur celle des arr\u00eats maladie des salari\u00e9s du priv\u00e9. Mais l&rsquo;id\u00e9e a finalement \u00e9t\u00e9 abandonn\u00e9e par le Premier ministre Fran\u00e7ois Bayrou en janvier, sous la pression des socialistes, alors que les d\u00e9bats parlementaires \u00e9taient encore en cours pour voter le budget pour cette ann\u00e9e.<\/p>\n<p>Des r\u00e8gles tr\u00e8s diff\u00e9rentes entre public et priv\u00e9<\/p>\n<p>Ainsi actuellement, seul un jour de carence s&rsquo;applique aux arr\u00eats de travail dans la fonction publique, l\u00e0 o\u00f9 les salari\u00e9s du priv\u00e9 ne sont indemnis\u00e9s par l&rsquo;Assurance maladie qu&rsquo;apr\u00e8s trois jours d&rsquo;arr\u00eat de travail.<\/p>\n<p>Mais attention aux subtilit\u00e9s: les fonctionnaires ne sont pas du tout r\u00e9mun\u00e9r\u00e9s pendant le seul jour de carence appliqu\u00e9 \u00e0 leurs arr\u00eats de travail. On parle en effet de <a href=\"https:\/\/www.bfmtv.com\/economie\/economie-social\/social\/jours-de-carence-d-ordre-public-pour-le-secteur-prive-numerisation-le-medef-presente-ses-propositions-pour-faire-6-5-milliards-d-euros-d-economies-dans-la-sante-des-2026_AN-202507090360.html\" title=\"Jours de carence non pay\u00e9s par la mutuelle, num\u00e9risation des arr\u00eats... Le Medef pr\u00e9sente ses id\u00e9es pour r\u00e9sorber le trou de 16 milliards d&#039;euros de l&#039;Assurance maladie\" class=\"internal_link\" rel=\"nofollow noopener\" target=\"_blank\">jour de carence d&rsquo;ordre public<\/a>, ce concept que la Caisse nationale d&rsquo;assurance maladie (Cnam), le patronat et le gouvernement n&rsquo;excluent pas de reproduire dans le secteur priv\u00e9 pour g\u00e9n\u00e9rer des \u00e9conomies afin d&rsquo;endiguer l&rsquo;augmentation structuelle des indemnit\u00e9s journali\u00e8res vers\u00e9es aux assur\u00e9s ces derni\u00e8res ann\u00e9es.<\/p>\n<p>De leur c\u00f4t\u00e9, les salari\u00e9s ont la possibilit\u00e9, selon les accords de branche et les couvertures pr\u00e9voyance compl\u00e9mentaire souscrites par leur entreprise, d&rsquo;\u00eatre r\u00e9mun\u00e9r\u00e9s au moins partiellement pendant leurs trois jours de carence. Selon les secteurs d&rsquo;activit\u00e9, certains ne subissent m\u00eame aucune perte de revenus.<\/p>\n<p>En revanche, si le gouvernement a c\u00e9d\u00e9 aux socialistes et renonc\u00e9 \u00e0 l&rsquo;allongement de la carence des arr\u00eats de travail des fonctionnaires en d\u00e9but d&rsquo;ann\u00e9e, il est quand m\u00eame parvenu \u00e0 r\u00e9duire leur indemnisation. Les trois premiers mois sont pay\u00e9s \u00e0 90% du traitement indiciaire, puis l&rsquo;indemnisation s&rsquo;abaisse \u00e0 la moiti\u00e9 du traitement indiciaire pendant 9 mois.<\/p>\n<p>Dans le secteur priv\u00e9, les salari\u00e9s en arr\u00eat maladie sont indemnis\u00e9s \u00e0 50% de leur salaire journalier de base&#8230; dans la limite d&rsquo;un plafond fix\u00e9 en 2025 \u00e0 41,47 euros par jour.<\/p>\n","protected":false},"excerpt":{"rendered":"Invit\u00e9 de \u00ab\u00a0Face \u00e0 BFM\u00a0\u00bb ce lundi, le d\u00e9put\u00e9 du Rassemblement national, Jean-Philippe Tanguy, a appel\u00e9 \u00e0 allonger&hellip;\n","protected":false},"author":2,"featured_media":359725,"comment_status":"","ping_status":"","sticky":false,"template":"","format":"standard","meta":{"footnotes":""},"categories":[6],"tags":[35,33,34,1011,27],"class_list":{"0":"post-359724","1":"post","2":"type-post","3":"status-publish","4":"format-standard","5":"has-post-thumbnail","7":"category-economie","8":"tag-business","9":"tag-economie","10":"tag-economy","11":"tag-fr","12":"tag-france"},"share_on_mastodon":{"url":"https:\/\/pubeurope.com\/@fr\/115132327678017510","error":""},"_links":{"self":[{"href":"https:\/\/www.europesays.com\/fr\/wp-json\/wp\/v2\/posts\/359724","targetHints":{"allow":["GET"]}}],"collection":[{"href":"https:\/\/www.europesays.com\/fr\/wp-json\/wp\/v2\/posts"}],"about":[{"href":"https:\/\/www.europesays.com\/fr\/wp-json\/wp\/v2\/types\/post"}],"author":[{"embeddable":true,"href":"https:\/\/www.europesays.com\/fr\/wp-json\/wp\/v2\/users\/2"}],"replies":[{"embeddable":true,"href":"https:\/\/www.europesays.com\/fr\/wp-json\/wp\/v2\/comments?post=359724"}],"version-history":[{"count":0,"href":"https:\/\/www.europesays.com\/fr\/wp-json\/wp\/v2\/posts\/359724\/revisions"}],"wp:featuredmedia":[{"embeddable":true,"href":"https:\/\/www.europesays.com\/fr\/wp-json\/wp\/v2\/media\/359725"}],"wp:attachment":[{"href":"https:\/\/www.europesays.com\/fr\/wp-json\/wp\/v2\/media?parent=359724"}],"wp:term":[{"taxonomy":"category","embeddable":true,"href":"https:\/\/www.europesays.com\/fr\/wp-json\/wp\/v2\/categories?post=359724"},{"taxonomy":"post_tag","embeddable":true,"href":"https:\/\/www.europesays.com\/fr\/wp-json\/wp\/v2\/tags?post=359724"}],"curies":[{"name":"wp","href":"https:\/\/api.w.org\/{rel}","templated":true}]}}