{"id":359726,"date":"2025-09-02T02:24:10","date_gmt":"2025-09-02T02:24:10","guid":{"rendered":"https:\/\/www.europesays.com\/fr\/359726\/"},"modified":"2025-09-02T02:24:10","modified_gmt":"2025-09-02T02:24:10","slug":"la-belgique-reconnaitra-la-palestine-lors-de-lassemblee-generale-de-lonu","status":"publish","type":"post","link":"https:\/\/www.europesays.com\/fr\/359726\/","title":{"rendered":"La Belgique reconna\u00eetra la Palestine lors de l\u2019Assembl\u00e9e g\u00e9n\u00e9rale de l\u2019ONU"},"content":{"rendered":"<p>Par le biais de son chef de la diplomatie, Bruxelles vient d\u2019annoncer qu\u2019elle reconna\u00eetra l\u2019\u00c9tat de Palestine lors de la prochaine Assembl\u00e9e g\u00e9n\u00e9rale des Nations unies.<\/p>\n<p class=\"fig-paragraph\">La Belgique va reconna\u00eetre l\u2019\u00c9tat de\u00a0<a href=\"https:\/\/www.lefigaro.fr\/tag\/palestine\" target=\"_blank\" rel=\"sponsored noopener\" data-gtm-custom-categorie=\"navigation\" data-gtm-custom-action=\"crossclick\" data-gtm-custom-label=\"Contextuel\" data-gtm-event=\"customEventSPE\">Palestine<\/a>\u00a0\u00e0 l\u2019Assembl\u00e9e g\u00e9n\u00e9rale des Nations Unies en septembre, a annonc\u00e9 mardi 2 septembre le ministre des Affaires \u00e9trang\u00e8res belge Maxime Pr\u00e9vot. \u00abLa Palestine sera reconnue par la Belgique lors de la session de l\u2019ONU! Et des sanctions fermes sont prises \u00e0 l\u2019\u00e9gard du gouvernement isra\u00e9lien\u00bb, a \u00e9crit le chef de la diplomatie belge sur X. Puis de pr\u00e9ciser\u00a0: \u00abTout antis\u00e9mitisme ou glorification du terrorisme par les partisans du Hamas sera aussi plus fortement d\u00e9nonc\u00e9.\u00bb<\/p>\n<p class=\"fig-paragraph\">\u00abAu vu du drame humanitaire se jouant en Palestine et singuli\u00e8rement \u00e0 Gaza, et face aux violences perp\u00e9tr\u00e9es par Isra\u00ebl en violation du droit international, compte tenu de ses obligations internationales dont le devoir de pr\u00e9venir tout risque de g\u00e9nocide, la Belgique se devait de prendre des d\u00e9cisions fortes pour accentuer la pression sur le gouvernement isra\u00e9lien et les terroristes du Hamas\u00bb,\u00a0insiste encore le chef de la diplomatie belge. \u00abIl ne s\u2019agit pas de sanctionner le peuple isra\u00e9lien, mais de veiller \u00e0 faire respecter le droit international et humanitaire par son gouvernement et agir pour tenter de faire \u00e9voluer la situation sur le terrain.\u00bb\u00a0<\/p>\n<p>                                    <a class=\"fig-a11y-skip a11y-hidden\" href=\"#fig-a11y-skip-main-inarticle\"><br \/>\n        Passer la publicit\u00e9<br \/>\n    <\/a><\/p>\n<p class=\"fig-paragraph\">\u00abLa Belgique se joindra aux pays signataires de la D\u00e9claration de New York tra\u00e7ant la route vers une solution \u00e0 deux \u00c9tats et reconnaissant donc ceux-ci\u00bb, a encore d\u00e9taill\u00e9 le ministre.<\/p>\n<p>Reconnaissance de la Palestine par les pays occidentaux<\/p>\n<p class=\"fig-paragraph\">Fin juillet, le pr\u00e9sident Emmanuel Macron a annonc\u00e9 que\u00a0<a href=\"http:\/\/www.lefigaro.fr\/international\/la-france-va-reconnaitre-l-etat-de-palestine-20250724\" target=\"_blank\" data-fig-type=\"NewsFlash\" rel=\"noopener\" data-gtm-custom-categorie=\"navigation\" data-gtm-custom-action=\"crossclick\" data-gtm-custom-label=\"Contextuel\" data-gtm-event=\"customEventSPE\" data-fig-domain=\"LEFIGARO\">la France allait reconna\u00eetre l\u2019\u00c9tat de Palestine<\/a>\u00a0\u00e0 l\u2019Assembl\u00e9e g\u00e9n\u00e9rale de l\u2019ONU, qui se tiendra du 9 au 23 septembre \u00e0 New York. Dans la foul\u00e9e, plus d\u2019une dizaine de pays occidentaux ont appel\u00e9 d\u2019autres pays du monde \u00e0 faire de m\u00eame.<\/p>\n<p class=\"fig-paragraph\">Le Canada a notamment fait part de son intention en faveur d\u2019un \u00c9tat de Palestine. Quant au Royaume-Uni, il a aussi annonc\u00e9 qu\u2019il le reconna\u00eetrait, sauf si Isra\u00ebl prenait une s\u00e9rie d\u2019engagements, dont celui d\u2019un cessez-le-feu dans la bande de Gaza. Au total, les trois quarts des \u00c9tats membres de l\u2019ONU reconnaissent l\u2019\u00c9tat de Palestine, proclam\u00e9 par la direction palestinienne en exil \u00e0 la fin des ann\u00e9es 1980.<\/p>\n","protected":false},"excerpt":{"rendered":"Par le biais de son chef de la diplomatie, Bruxelles vient d\u2019annoncer qu\u2019elle reconna\u00eetra l\u2019\u00c9tat de Palestine lors&hellip;\n","protected":false},"author":2,"featured_media":359727,"comment_status":"","ping_status":"","sticky":false,"template":"","format":"standard","meta":{"footnotes":""},"categories":[5],"tags":[11,828,1011,27,14,12,3521,3518,28],"class_list":{"0":"post-359726","1":"post","2":"type-post","3":"status-publish","4":"format-standard","5":"has-post-thumbnail","7":"category-international","8":"tag-actualites","9":"tag-belgique","10":"tag-fr","11":"tag-france","12":"tag-international","13":"tag-news","14":"tag-onu","15":"tag-palestine","16":"tag-world"},"share_on_mastodon":{"url":"https:\/\/pubeurope.com\/@fr\/115132331663264920","error":""},"_links":{"self":[{"href":"https:\/\/www.europesays.com\/fr\/wp-json\/wp\/v2\/posts\/359726","targetHints":{"allow":["GET"]}}],"collection":[{"href":"https:\/\/www.europesays.com\/fr\/wp-json\/wp\/v2\/posts"}],"about":[{"href":"https:\/\/www.europesays.com\/fr\/wp-json\/wp\/v2\/types\/post"}],"author":[{"embeddable":true,"href":"https:\/\/www.europesays.com\/fr\/wp-json\/wp\/v2\/users\/2"}],"replies":[{"embeddable":true,"href":"https:\/\/www.europesays.com\/fr\/wp-json\/wp\/v2\/comments?post=359726"}],"version-history":[{"count":0,"href":"https:\/\/www.europesays.com\/fr\/wp-json\/wp\/v2\/posts\/359726\/revisions"}],"wp:featuredmedia":[{"embeddable":true,"href":"https:\/\/www.europesays.com\/fr\/wp-json\/wp\/v2\/media\/359727"}],"wp:attachment":[{"href":"https:\/\/www.europesays.com\/fr\/wp-json\/wp\/v2\/media?parent=359726"}],"wp:term":[{"taxonomy":"category","embeddable":true,"href":"https:\/\/www.europesays.com\/fr\/wp-json\/wp\/v2\/categories?post=359726"},{"taxonomy":"post_tag","embeddable":true,"href":"https:\/\/www.europesays.com\/fr\/wp-json\/wp\/v2\/tags?post=359726"}],"curies":[{"name":"wp","href":"https:\/\/api.w.org\/{rel}","templated":true}]}}