{"id":359728,"date":"2025-09-02T02:25:10","date_gmt":"2025-09-02T02:25:10","guid":{"rendered":"https:\/\/www.europesays.com\/fr\/359728\/"},"modified":"2025-09-02T02:25:10","modified_gmt":"2025-09-02T02:25:10","slug":"le-ministere-des-armees-precise-les-quatre-priorites-qui-vont-structurer-lactualisation-de-la-lpm-2024-30","status":"publish","type":"post","link":"https:\/\/www.europesays.com\/fr\/359728\/","title":{"rendered":"Le minist\u00e8re des Arm\u00e9es pr\u00e9cise les quatre priorit\u00e9s qui vont structurer l&rsquo;actualisation de la LPM 2024-30"},"content":{"rendered":"<p><img fetchpriority=\"high\" decoding=\"async\" src=\"https:\/\/www.europesays.com\/fr\/wp-content\/uploads\/2025\/09\/aster30b1nt-20241029.jpg\" alt=\"\" width=\"556\" height=\"416\" class=\"alignnone size-full wp-image-78875\"  \/><\/p>\n<p>Lors de son allocution prononc\u00e9e \u00e0 l\u2019H\u00f4tel de Brienne, le 13 juillet, le pr\u00e9sident Macron fit conna\u00eetre son intention d\u2019acc\u00e9l\u00e9rer le \u00ab\u00a0rythme de progression\u00a0\u00bb du budget du minist\u00e8re des Arm\u00e9es, le montant de celui-ci devant \u00eatre port\u00e9 \u00e0 64 milliards d\u2019euros en 2027, soit deux ans avant l\u2019\u00e9ch\u00e9ance pr\u00e9vue par la Loi de programmation militaire [LPM] 2024-30. D\u2019o\u00f9 la hausse pr\u00e9vue de 6,7 milliards d\u2019euros dans le cadre du projet de loi de finances [PLF] 2026. <\/p>\n<p>Cette acc\u00e9l\u00e9ration suppose \u00e9galement d\u2019actualiser la LPM 2024-30, promulgu\u00e9e le 1er ao\u00fbt 2023, en lien avec les conclusions de la Revue nationale strat\u00e9gique [RNS] publi\u00e9e le 14 juillet. <\/p>\n<p>Via un communiqu\u00e9 diffus\u00e9 ce 1er septembre, le minist\u00e8re des Arm\u00e9es a pr\u00e9cis\u00e9 les quatre grandes priorit\u00e9s de cette actualisation de la LPM. <\/p>\n<p>Ainsi, il s\u2019agira \u00ab\u00a0d\u2019adapter nos capacit\u00e9s militaires pour r\u00e9pondre \u00e0 la r\u00e9alit\u00e9 des menaces sans nous mentir sur nos faiblesses\u00a0\u00bb. Quatre capacit\u00e9s seront renforc\u00e9es, \u00e0 savoir les drones, les munitions, la guerre \u00e9lectronique et la d\u00e9fense sol-air. <\/p>\n<p>La seconde priorit\u00e9 vise \u00e0 \u00ab\u00a0rassembler la Nation autour de ses arm\u00e9es\u00a0\u00bb. Aucune annonce particuli\u00e8re n\u2019a \u00e9t\u00e9 faite sur ce point, hormis celles d\u00e9j\u00e0 connues, comme la mont\u00e9e en puissance des r\u00e9serves et la \u00ab\u00a0remilitarisation\u00a0\u00bb de la Journ\u00e9e de la d\u00e9fense et de la citoyennet\u00e9. En juillet, le pr\u00e9sident Macron avait pr\u00e9cis\u00e9 qu\u2019il aborderait ce sujet \u00e0 l\u2019automne, en d\u00e9voilant de \u00ab\u00a0nouvelles formes d\u2019engagement pour la jeunesse\u00a0\u00bb. Une n\u00e9cessit\u00e9 pour \u00ab\u00a0durcir le mod\u00e8le et gagner de la masse\u00a0\u00bb, avait-il dit. <\/p>\n<p>Ensuite, cette actualisation de la LPM devra permettre de \u00ab\u00a0renforcer notre industrie de d\u00e9fense, avec un soutien tr\u00e8s net aux PME et ETI\u00a0\u00bb, de \u00ab\u00a0s\u00e9curiser les cha\u00eenes d\u2019approvisionnement\u00a0\u00bb et de soutenir l\u2019emploi dans les territoires, a pr\u00e9cis\u00e9 le minist\u00e8re des Arm\u00e9es. <\/p>\n<p>Enfin, la derni\u00e8re priorit\u00e9 met l\u2019accent sur les \u00ab\u00a0ruptures technologiques\u00a0\u00bb, en mati\u00e8re d\u2019intelligence artificielle, d\u2019espace, de quantique et de cyberd\u00e9fense. <\/p>\n<p>Cela \u00e9tant, le contenu exact de ces quatre priorit\u00e9s reste \u00e0 pr\u00e9ciser. Par exemple, au niveau capacitaire, le minist\u00e8re n\u2019a rien dit au sujet des feux dans la profondeur, pourtant largement \u00e9voqu\u00e9s dans la RNS 2025. <\/p>\n<p>On devrait cependant en savoir davantage \u00e0 l\u2019issue des d\u00e9placements que le ministre des Arm\u00e9es, S\u00e9bastien Lecornu, va effectuer durant cette semaine. Ainsi, ce 1er septembre, il se rendra au si\u00e8ge d\u2019Airbus Helicopters \u00e0 Marignane, puis \u00e0 Valence, pour visiter le 1er R\u00e9giment de Spahis, qui \u00ab\u00a0incarne la modernisation et la transformation \u00e0 l\u2019\u0153uvre dans nos arm\u00e9es\u00a0\u00bb. <\/p>\n<p>Le ministre se rendra ensuite \u00e0 Crucey [Eure-et-Loir], o\u00f9 est install\u00e9 le radar \u00ab\u00a0Nostradamus\u00a0\u00bb, qui est l\u2019un des piliers capacitaires d\u00e9finis par la strat\u00e9gie relative \u00e0 la Tr\u00e8s Haute Altitude [THA]. Enfin, il inaugurera le supercalculateur qui, d\u00e9di\u00e9 \u00e0 l\u2019intelligence artificielle, sera install\u00e9 au Mont-Val\u00e9rien [Suresnes] par le groupement form\u00e9 par Hewlett Packard Enterprise et Orange. <\/p>\n<p>\u00ab\u00a0Par cette tourn\u00e9e, [M. Lecornu] veut r\u00e9affirmer que l\u2019effort de d\u00e9fense n\u2019est pas seulement un imp\u00e9ratif militaire : c\u2019est une garantie de souverainet\u00e9 nationale, un levier pour l\u2019emploi et un levier pour l\u2019innovation\u00a0\u00bb, a fait valoir le minist\u00e8re des Arm\u00e9es. <\/p>\n<p>Seulement, les travaux portant sur cette actualisation de la LPM 2024-30 risquent fort de faire les frais de la situation politique actuelle, le Premier ministre, Fran\u00e7ois Bayrou, ayant sollicit\u00e9 la confiance du Parlement avant d\u2019engager les d\u00e9bats sur le PLF 2026. <\/p>\n<p>Photo : DGA<\/p>\n","protected":false},"excerpt":{"rendered":"Lors de son allocution prononc\u00e9e \u00e0 l\u2019H\u00f4tel de Brienne, le 13 juillet, le pr\u00e9sident Macron fit conna\u00eetre son&hellip;\n","protected":false},"author":2,"featured_media":359729,"comment_status":"","ping_status":"","sticky":false,"template":"","format":"standard","meta":{"footnotes":""},"categories":[4],"tags":[49515,11,25666,1003,1011,27,40114,23193,38962,49516,12,25,38963,11067],"class_list":{"0":"post-359728","1":"post","2":"type-post","3":"status-publish","4":"format-standard","5":"has-post-thumbnail","7":"category-france","8":"tag-actualisation","9":"tag-actualites","10":"tag-armees","11":"tag-budget","12":"tag-fr","13":"tag-france","14":"tag-loi-de-programmation-militaire","15":"tag-lpm","16":"tag-lpm-2024-30","17":"tag-ministre-des-armees","18":"tag-news","19":"tag-republique-francaise","20":"tag-revue-nationale-strategique","21":"tag-sebastien-lecornu"},"share_on_mastodon":{"url":"https:\/\/pubeurope.com\/@fr\/115132336101813390","error":""},"_links":{"self":[{"href":"https:\/\/www.europesays.com\/fr\/wp-json\/wp\/v2\/posts\/359728","targetHints":{"allow":["GET"]}}],"collection":[{"href":"https:\/\/www.europesays.com\/fr\/wp-json\/wp\/v2\/posts"}],"about":[{"href":"https:\/\/www.europesays.com\/fr\/wp-json\/wp\/v2\/types\/post"}],"author":[{"embeddable":true,"href":"https:\/\/www.europesays.com\/fr\/wp-json\/wp\/v2\/users\/2"}],"replies":[{"embeddable":true,"href":"https:\/\/www.europesays.com\/fr\/wp-json\/wp\/v2\/comments?post=359728"}],"version-history":[{"count":0,"href":"https:\/\/www.europesays.com\/fr\/wp-json\/wp\/v2\/posts\/359728\/revisions"}],"wp:featuredmedia":[{"embeddable":true,"href":"https:\/\/www.europesays.com\/fr\/wp-json\/wp\/v2\/media\/359729"}],"wp:attachment":[{"href":"https:\/\/www.europesays.com\/fr\/wp-json\/wp\/v2\/media?parent=359728"}],"wp:term":[{"taxonomy":"category","embeddable":true,"href":"https:\/\/www.europesays.com\/fr\/wp-json\/wp\/v2\/categories?post=359728"},{"taxonomy":"post_tag","embeddable":true,"href":"https:\/\/www.europesays.com\/fr\/wp-json\/wp\/v2\/tags?post=359728"}],"curies":[{"name":"wp","href":"https:\/\/api.w.org\/{rel}","templated":true}]}}