{"id":359732,"date":"2025-09-02T02:27:11","date_gmt":"2025-09-02T02:27:11","guid":{"rendered":"https:\/\/www.europesays.com\/fr\/359732\/"},"modified":"2025-09-02T02:27:11","modified_gmt":"2025-09-02T02:27:11","slug":"insolite-un-arc-en-ciel-sonne-les-cloches-a-saint-just-malmont-2","status":"publish","type":"post","link":"https:\/\/www.europesays.com\/fr\/359732\/","title":{"rendered":"Insolite : un arc-en-ciel sonne les cloches \u00e0 Saint-Just-Malmont"},"content":{"rendered":"<p>\t\t\t\t\t\t\t\t\t\t\t\t\t\t\t\t\t\t\t\t\t\t\t\t\t\t\t\t\t\t\t\t\t\t\t\t\t\t\t\t\t\t\t\t\t\t\t\t\t\t\t\t\t\t\t\t\t\t\t\t\t\t\t<a href=\"https:\/\/www.lacommere43.fr\/component\/banners\/click\/1754.html\" target=\"_blank\" title=\"Annonces l\u00e9gales Une\" rel=\"noopener\"><br \/>\n\t\t\t\t\t\t\t<img decoding=\"async\" loading=\"lazy\" src=\"https:\/\/www.europesays.com\/fr\/wp-content\/uploads\/2025\/07\/CARRE.gif\" alt=\"Annonces l\u00e9gales Une\"\/><br \/>\n\t\t\t\t\t\t<\/a><\/p>\n<p>Le clocher de l&rsquo;\u00e9glise de Saint-Just-Malmont a \u00e9t\u00e9 illumin\u00e9 ce lundi par un arc-en-ciel apr\u00e8s l&rsquo;orage.<\/p>\n<p>Marco Moulin, qui nous a envoy\u00e9 cette image insolite, associe cette photo \u00e0 la citation suivante : \u00ab Quand le ciel s&rsquo;invite \u00e0 la pri\u00e8re : l&rsquo;arc-en-ciel embrasse l&rsquo;\u00e9glise comme un signe d&rsquo;esp\u00e9rance. \u00bb<\/p>\n","protected":false},"excerpt":{"rendered":"Le clocher de l&rsquo;\u00e9glise de Saint-Just-Malmont a \u00e9t\u00e9 illumin\u00e9 ce lundi par un arc-en-ciel apr\u00e8s l&rsquo;orage. Marco Moulin,&hellip;\n","protected":false},"author":2,"featured_media":359371,"comment_status":"","ping_status":"","sticky":false,"template":"","format":"standard","meta":{"footnotes":""},"categories":[9653],"tags":[1111,2281,11,2430,1777,674,2282,1011,27,2280,2284,2285,2283,12,25,4001],"class_list":{"0":"post-359732","1":"post","2":"type-post","3":"status-publish","4":"format-standard","5":"has-post-thumbnail","7":"category-saint-etienne","8":"tag-actu","9":"tag-actualite-43","10":"tag-actualites","11":"tag-auvergne-rhone-alpes","12":"tag-eu","13":"tag-europe","14":"tag-faits-divers-auvergne","15":"tag-fr","16":"tag-france","17":"tag-information-haute-loire","18":"tag-infos-43","19":"tag-journal-haute-loire","20":"tag-la-commere-43","21":"tag-news","22":"tag-republique-francaise","23":"tag-saint-etienne"},"share_on_mastodon":{"url":"https:\/\/pubeurope.com\/@fr\/115132343637401588","error":""},"_links":{"self":[{"href":"https:\/\/www.europesays.com\/fr\/wp-json\/wp\/v2\/posts\/359732","targetHints":{"allow":["GET"]}}],"collection":[{"href":"https:\/\/www.europesays.com\/fr\/wp-json\/wp\/v2\/posts"}],"about":[{"href":"https:\/\/www.europesays.com\/fr\/wp-json\/wp\/v2\/types\/post"}],"author":[{"embeddable":true,"href":"https:\/\/www.europesays.com\/fr\/wp-json\/wp\/v2\/users\/2"}],"replies":[{"embeddable":true,"href":"https:\/\/www.europesays.com\/fr\/wp-json\/wp\/v2\/comments?post=359732"}],"version-history":[{"count":0,"href":"https:\/\/www.europesays.com\/fr\/wp-json\/wp\/v2\/posts\/359732\/revisions"}],"wp:featuredmedia":[{"embeddable":true,"href":"https:\/\/www.europesays.com\/fr\/wp-json\/wp\/v2\/media\/359371"}],"wp:attachment":[{"href":"https:\/\/www.europesays.com\/fr\/wp-json\/wp\/v2\/media?parent=359732"}],"wp:term":[{"taxonomy":"category","embeddable":true,"href":"https:\/\/www.europesays.com\/fr\/wp-json\/wp\/v2\/categories?post=359732"},{"taxonomy":"post_tag","embeddable":true,"href":"https:\/\/www.europesays.com\/fr\/wp-json\/wp\/v2\/tags?post=359732"}],"curies":[{"name":"wp","href":"https:\/\/api.w.org\/{rel}","templated":true}]}}