{"id":359742,"date":"2025-09-02T02:33:30","date_gmt":"2025-09-02T02:33:30","guid":{"rendered":"https:\/\/www.europesays.com\/fr\/359742\/"},"modified":"2025-09-02T02:33:30","modified_gmt":"2025-09-02T02:33:30","slug":"je-rejoins-le-club-des-demandeurs-demploi-de-50-ans-et-a-montpellier","status":"publish","type":"post","link":"https:\/\/www.europesays.com\/fr\/359742\/","title":{"rendered":"Je rejoins le club des demandeurs d&#8217;emploi de 50 ans et + \u00e0 Montpellier"},"content":{"rendered":"<p>Vous avez 50 ans et plus et souhaitez booster votre retour \u00e0 l\u2019emploi\u00a0? L\u2019agence France Travail de C\u00e9vennes , \u00e0 Montpellier, organise une information collective ce jeudi 4\u00a0septembre, de 9h \u00e0 12h, pour pr\u00e9senter \u201cle Club\u201d, un dispositif destin\u00e9 \u00e0 acc\u00e9l\u00e9rer le retour \u00e0 l\u2019emploi des demandeurs disponibles imm\u00e9diatement.<\/p>\n<p>Suite \u00e0 cette rencontre, un groupe d\u2019une douzaine de participants se r\u00e9unira tous les jeudis pendant trois mois, \u00e0 partir du 18\u00a0septembre (hors participants ayant retrouv\u00e9 un emploi), pour b\u00e9n\u00e9ficier d\u2019un accompagnement cibl\u00e9 et concret.<\/p>\n<p>Au programme de la r\u00e9union\u00a0: la pr\u00e9sentation du Club, un temps de questions\/r\u00e9ponses et un entretien individuel rapide avec un conseiller pour valider votre participation.<\/p>\n<p><strong>Inscrivez vous <a href=\"https:\/\/mesevenementsemploi.francetravail.fr\/mes-evenements-emploi\/evenement\/460404\/mise-en-place-d-un-club-de-demandeurs-d-emploi-50-ans-et-plus-montpellier\" class=\"spip_out\" rel=\"external noopener\" target=\"_blank\">ici<\/a><\/strong><\/p>\n","protected":false},"excerpt":{"rendered":"Vous avez 50 ans et plus et souhaitez booster votre retour \u00e0 l\u2019emploi\u00a0? L\u2019agence France Travail de C\u00e9vennes&hellip;\n","protected":false},"author":2,"featured_media":24040,"comment_status":"","ping_status":"","sticky":false,"template":"","format":"standard","meta":{"footnotes":""},"categories":[9599],"tags":[1111,11,20702,341,1777,674,1011,27,8688,2208,12,2680,25,12361],"class_list":{"0":"post-359742","1":"post","2":"type-post","3":"status-publish","4":"format-standard","5":"has-post-thumbnail","7":"category-montpellier","8":"tag-actu","9":"tag-actualites","10":"tag-demandeur-demploi","11":"tag-emploi","12":"tag-eu","13":"tag-europe","14":"tag-fr","15":"tag-france","16":"tag-france-travail-occitanie","17":"tag-montpellier","18":"tag-news","19":"tag-occitanie","20":"tag-republique-francaise","21":"tag-senior"},"share_on_mastodon":{"url":"https:\/\/pubeurope.com\/@fr\/115132367111120508","error":""},"_links":{"self":[{"href":"https:\/\/www.europesays.com\/fr\/wp-json\/wp\/v2\/posts\/359742","targetHints":{"allow":["GET"]}}],"collection":[{"href":"https:\/\/www.europesays.com\/fr\/wp-json\/wp\/v2\/posts"}],"about":[{"href":"https:\/\/www.europesays.com\/fr\/wp-json\/wp\/v2\/types\/post"}],"author":[{"embeddable":true,"href":"https:\/\/www.europesays.com\/fr\/wp-json\/wp\/v2\/users\/2"}],"replies":[{"embeddable":true,"href":"https:\/\/www.europesays.com\/fr\/wp-json\/wp\/v2\/comments?post=359742"}],"version-history":[{"count":0,"href":"https:\/\/www.europesays.com\/fr\/wp-json\/wp\/v2\/posts\/359742\/revisions"}],"wp:featuredmedia":[{"embeddable":true,"href":"https:\/\/www.europesays.com\/fr\/wp-json\/wp\/v2\/media\/24040"}],"wp:attachment":[{"href":"https:\/\/www.europesays.com\/fr\/wp-json\/wp\/v2\/media?parent=359742"}],"wp:term":[{"taxonomy":"category","embeddable":true,"href":"https:\/\/www.europesays.com\/fr\/wp-json\/wp\/v2\/categories?post=359742"},{"taxonomy":"post_tag","embeddable":true,"href":"https:\/\/www.europesays.com\/fr\/wp-json\/wp\/v2\/tags?post=359742"}],"curies":[{"name":"wp","href":"https:\/\/api.w.org\/{rel}","templated":true}]}}