{"id":359771,"date":"2025-09-02T02:54:16","date_gmt":"2025-09-02T02:54:16","guid":{"rendered":"https:\/\/www.europesays.com\/fr\/359771\/"},"modified":"2025-09-02T02:54:16","modified_gmt":"2025-09-02T02:54:16","slug":"theodora-et-kavinsky-au-delta-festival-un-dernier-souffle-musical-entre-fievre-pop-et-nostalgie-electro-marseille","status":"publish","type":"post","link":"https:\/\/www.europesays.com\/fr\/359771\/","title":{"rendered":"Th\u00e9odora et Kavinsky au Delta Festival, un dernier souffle musical entre fi\u00e8vre pop et nostalgie \u00e9lectro &#8211; Marseille"},"content":{"rendered":"<p>Sous un soleil \u00e9crasant et une brise marine l\u00e9g\u00e8re, c\u2019est autour de <strong data-start=\"231\" data-end=\"254\">30 000 festivaliers<\/strong> (la jauge quotidienne moyenne du Delta Festival 2025)\u00a0que s\u2019est tenue la derni\u00e8re journ\u00e9e du festival sur la plage du Prado \u00e0 Marseille.<\/p>\n<p>&#13;<\/p>\n<p>Une ambiance vibrante et un cadre estival parfait pour boucler cinq jours de f\u00eate, et offrir de magnifiques adieux en musique.\u00a0Comme une v\u00e9ritable c\u00e9l\u00e9bration de la fin de l&rsquo;\u00e9t\u00e9.\u00a0<\/p>\n<p>&#13;<br \/>\nUne tornade solaire \u00e0 15h nomm\u00e9e Th\u00e9odora&#13;<br \/>\n<a href=\"https:\/\/www.europesays.com\/fr\/wp-content\/uploads\/2025\/09\/11245.jpg\" data-fancybox=\"gallery\" class=\"grouped_elements\" rel=\"example_group\"><img decoding=\"async\" src=\"https:\/\/www.europesays.com\/fr\/wp-content\/uploads\/2025\/09\/11245.jpg\" class=\"include_img\" loading=\"lazy\"\/><\/a>&#13;<\/p>\n<p style=\"margin-left: 30px;\" data-start=\"948\" data-end=\"1392\">\u00c0 15h, sous un soleil de plomb att\u00e9nu\u00e9 seulement par une l\u00e9g\u00e8re brise marine, <strong data-start=\"1026\" data-end=\"1038\">Th\u00e9odora<\/strong> a pris la sc\u00e8ne d\u2019assaut et totalement conquis le public. Encha\u00eenant ses hits \u2013 Kongolese Sous BBL, PAY!, MON BEBE, FASHION DESIGNA\u00a0et j&rsquo;en passe \u2013 elle a offert une <strong>performance intense<\/strong>.<\/p>\n<p>&#13;<\/p>\n<p style=\"margin-left: 30px;\" data-start=\"948\" data-end=\"1392\">Une heure v\u00e9cue comme cinq minutes. Son show, port\u00e9 par une complicit\u00e9 palpable avec les spectateurs et des danseurs hors norme, a laiss\u00e9 les festivaliers en redemander.<\/p>\n<p>&#13;<\/p>\n<p style=\"margin-left: 30px;\" data-start=\"1394\" data-end=\"1672\">Et comme c\u2019est Marseille : non seulement elle a g\u00e2t\u00e9 le public, mais elle a prolong\u00e9 la f\u00eate avec son\u00a0<strong data-start=\"1499\" data-end=\"1532\">titre \u201cZou Bisou\u201d en featuring avec Jul<\/strong>, ambassadeur populaire de la Cit\u00e9 phoc\u00e9enne. \u00c0 peine relanc\u00e9, les chants se transform\u00e8rent en des cris \u00e0 gorge d\u00e9ploy\u00e9e, une Marseillaise qui s\u2019enflamme.<\/p>\n<p>&#13;<br \/>\nKavinsky, une nostalgie \u00e9lectro sans surprise&#13;<br \/>\n<a href=\"https:\/\/www.europesays.com\/fr\/wp-content\/uploads\/2025\/09\/11246.jpg\" data-fancybox=\"gallery\" class=\"grouped_elements\" rel=\"example_group\"><img decoding=\"async\" src=\"https:\/\/www.europesays.com\/fr\/wp-content\/uploads\/2025\/09\/11246.jpg\" class=\"include_img\" loading=\"lazy\"\/><\/a>&#13;<\/p>\n<p style=\"margin-left: 30px;\" data-start=\"1727\" data-end=\"2040\">Le soir, c\u2019est <strong data-start=\"1742\" data-end=\"1754\">Kavinsky<\/strong> qui prenait le relais sur la sc\u00e8ne principale. L\u2019artiste embl\u00e9matique de l\u2019\u00e9lectro r\u00e9tro a livr\u00e9 <strong>un show fid\u00e8le \u00e0 son univers<\/strong> : une sc\u00e9nographie soign\u00e9e et des morceaux imm\u00e9diatement reconnaissables, port\u00e9s par de lourdes basses. <strong>Le tout, un peu liss\u00e9, surfant sur ses acquis sans v\u00e9ritable coup de th\u00e9\u00e2tre.<\/strong><\/p>\n<p>&#13;<\/p>\n<p style=\"margin-left: 30px;\" data-start=\"2042\" data-end=\"2397\">La tension est mont\u00e9e lorsqu\u2019il \u00e9tait d\u00e9j\u00e0 23h et que Nightcall ne semblait pas imminent\u2026 C\u2019est finalement apr\u00e8s une pause un peu ridicule derri\u00e8re ses platines \u2013 juste le temps de sortir ses lunettes LED rouges \u2013 que le mythique morceau a retenti. <strong>Un final attendu, mais \u00f4 combien satisfaisant<\/strong>, bouclant ce festival intense sur une note r\u00e9tro et \u00e9lectrique.<\/p>\n","protected":false},"excerpt":{"rendered":"Sous un soleil \u00e9crasant et une brise marine l\u00e9g\u00e8re, c\u2019est autour de 30 000 festivaliers (la jauge quotidienne&hellip;\n","protected":false},"author":2,"featured_media":359772,"comment_status":"","ping_status":"","sticky":false,"template":"","format":"standard","meta":{"footnotes":""},"categories":[2814],"tags":[1111,11,1777,674,1011,27,884,12,882,25],"class_list":{"0":"post-359771","1":"post","2":"type-post","3":"status-publish","4":"format-standard","5":"has-post-thumbnail","7":"category-marseille","8":"tag-actu","9":"tag-actualites","10":"tag-eu","11":"tag-europe","12":"tag-fr","13":"tag-france","14":"tag-marseille","15":"tag-news","16":"tag-provence-alpes-cote-dazur","17":"tag-republique-francaise"},"share_on_mastodon":{"url":"https:\/\/pubeurope.com\/@fr\/115132449722293872","error":""},"_links":{"self":[{"href":"https:\/\/www.europesays.com\/fr\/wp-json\/wp\/v2\/posts\/359771","targetHints":{"allow":["GET"]}}],"collection":[{"href":"https:\/\/www.europesays.com\/fr\/wp-json\/wp\/v2\/posts"}],"about":[{"href":"https:\/\/www.europesays.com\/fr\/wp-json\/wp\/v2\/types\/post"}],"author":[{"embeddable":true,"href":"https:\/\/www.europesays.com\/fr\/wp-json\/wp\/v2\/users\/2"}],"replies":[{"embeddable":true,"href":"https:\/\/www.europesays.com\/fr\/wp-json\/wp\/v2\/comments?post=359771"}],"version-history":[{"count":0,"href":"https:\/\/www.europesays.com\/fr\/wp-json\/wp\/v2\/posts\/359771\/revisions"}],"wp:featuredmedia":[{"embeddable":true,"href":"https:\/\/www.europesays.com\/fr\/wp-json\/wp\/v2\/media\/359772"}],"wp:attachment":[{"href":"https:\/\/www.europesays.com\/fr\/wp-json\/wp\/v2\/media?parent=359771"}],"wp:term":[{"taxonomy":"category","embeddable":true,"href":"https:\/\/www.europesays.com\/fr\/wp-json\/wp\/v2\/categories?post=359771"},{"taxonomy":"post_tag","embeddable":true,"href":"https:\/\/www.europesays.com\/fr\/wp-json\/wp\/v2\/tags?post=359771"}],"curies":[{"name":"wp","href":"https:\/\/api.w.org\/{rel}","templated":true}]}}