{"id":359777,"date":"2025-09-02T02:57:14","date_gmt":"2025-09-02T02:57:14","guid":{"rendered":"https:\/\/www.europesays.com\/fr\/359777\/"},"modified":"2025-09-02T02:57:14","modified_gmt":"2025-09-02T02:57:14","slug":"street-art-a-lyon-expositions-et-festivals-en-septembre","status":"publish","type":"post","link":"https:\/\/www.europesays.com\/fr\/359777\/","title":{"rendered":"Street art \u00e0 Lyon, expositions et festivals en septembre"},"content":{"rendered":"<p class=\"_1mf _1mj\" style=\"text-align: justify;\" data-offset-key=\"9cepu-0-0\">On esp\u00e9rait secr\u00e8tement que l\u2019exposition \u00ab\u00a0Murmures des Marais\u00a0\u00bb rouvre, et bien nos v\u0153ux semblent avoir \u00e9t\u00e9 entendus ! Avec une r\u00e9ouverture d\u00e8s ce premier week-end de septembre, nous sommes combl\u00e9es ! Au sein du collectif Blast Art, on vous recommande cette sortie pour une immersion dans un monde nature, aussi bien terrestre qu\u2019aquatique.<br \/>\u27a1 Gratuit, ouverture de 10h \u00e0 18h, les samedis et dimanches. Vernissage de l\u2019expo Fabulous Friends le vendredi 5 septembre avec DJset \u00e0 partir de 18h. <a href=\"https:\/\/www.instagram.com\/blastartlyon?igsh=MWVzN3NsdWNybXltcQ==\" target=\"_blank\" rel=\"noopener nofollow\">Plus d\u2019infos.<\/a><\/p>\n<p data-offset-key=\"9cepu-0-0\"><a href=\"https:\/\/www.facebook.com\/photo\/?fbid=122159290712600634&amp;set=a.122131488116600634\" target=\"_blank\" rel=\"noopener nofollow\"><strong>Exposition 100% f\u00e9minine \u00e0 la Holy Street Gallery<\/strong><\/a><\/p>\n<p class=\"_1mf _1mj\" style=\"text-align: justify;\" data-offset-key=\"9cepu-0-0\">C\u00f4t\u00e9 sc\u00e8ne street-art f\u00e9minine, ne manquez pas \u00ab\u00a0Jeu de Dames\u00a0\u00bb, la nouvelle exposition collective 100% f\u00e9minine \u00e0 la Holy Street Gallery (Lyon 5). La galerie y r\u00e9unira les \u0153uvres de six artistes, en \u00e9cho aux journ\u00e9es du Matrimoine qui se tiendront les 20 et 21 septembre !<br \/>\u27a1\u00a0Vernissage le jeudi 4 septembre de 18h \u00e0 22h. Puis, exposition jusqu\u2019au 27 septembre. Entr\u00e9e libre du mardi au samedi de 11h \u00e0 19h. <a href=\"https:\/\/www.facebook.com\/photo\/?fbid=122159290712600634&amp;set=a.122131488116600634\" target=\"_blank\" rel=\"noopener nofollow\">Plus d\u2019infos<\/a>.<\/p>\n<p data-offset-key=\"9cepu-0-0\"><a href=\"https:\/\/girlstakelyon.com\/wp-content\/uploads\/2025\/08\/528305463_17887899699324452_808308200699395993_n.jpg\" data-rel=\"lightbox-image-0\" data-rl_title=\"\" data-rl_caption=\"\" title=\"\" rel=\"nofollow noopener\" target=\"_blank\"><img fetchpriority=\"high\" decoding=\"async\" class=\"aligncenter wp-image-40844 size-large\" src=\"data:image\/svg+xml,%3Csvg%20xmlns=\" http:=\"\" alt=\"Holy-Street-Galery-Lyon-Jeu-de-Dames\" width=\"768\" height=\"1024\" data-lazy- data-lazy- data-lazy-src=\"https:\/\/www.europesays.com\/fr\/wp-content\/uploads\/2025\/09\/528305463_17887899699324452_808308200699395993_n-768x1024.jpg\"\/><\/a><\/p>\n<p data-offset-key=\"9cepu-0-0\"><a href=\"https:\/\/www.regainartlyon.com\/\" target=\"_blank\" rel=\"noopener nofollow\"><strong>Salon Regain Art Lyon<\/strong><\/a><\/p>\n<p class=\"_1mf _1mj\" style=\"text-align: justify;\" data-offset-key=\"9cepu-0-0\">Pas forc\u00e9ment du pur street-art mais nous incluons \u00e9galement le Salon Regain Art Lyon \u00e0 notre s\u00e9lection. Car des artistes comme Louis Pouilhe y participeront par exemple, et m\u00eame rien que pour le cadre en bord de Sa\u00f4ne du prestigieux Palais de Bondy \u00e0 l\u2019architecture remarquable ! Un salon d\u2019art contemporain r\u00e9unissant 60 artistes, plasticiens, peintres, sculpteurs photographes.<br \/>\u27a1 Du 4 au 14 septembre, au Palais de Bondy, Lyon 5. Vernissage le 6 septembre \u00e0 17h. Entr\u00e9e libre. <a href=\"https:\/\/www.regainartlyon.com\/pages\/plan-d-acces.html\" target=\"_blank\" rel=\"noopener nofollow\">Acc\u00e8s et horaires ici.<\/a> Ferm\u00e9 les lundis.<\/p>\n<p>Festivals et \u00e9v\u00e9nements de street-art \u00e0 Lyon et autour en septembre<\/p>\n<p data-offset-key=\"9cepu-0-0\"><a href=\"https:\/\/www.instagram.com\/lesrochesencouleur\/\" target=\"_blank\" rel=\"noopener nofollow\"><strong>Les Roches en Couleurs<\/strong><\/a><\/p>\n<p class=\"_1mf _1mj\" data-offset-key=\"9cepu-0-0\">Festival du Graffiti et des Arts Urbains organis\u00e9 par le<a href=\"https:\/\/www.collectifasspur.fr\/\" target=\"_blank\" rel=\"noopener nofollow\"> collectif Asspur<\/a> qui f\u00eate ses 10 ans cette ann\u00e9e et qui voit les choses en tr\u00e8s tr\u00e8s grand ! Du 8 au 13 septembre plus de 100 artistes seront r\u00e9unis pour transformer et animer tout un quartier de Villefontaine ! 2 soir\u00e9es musicales \u00e0 ne pas manquer les 12 et 13 septembre.<br \/>\u27a1 <a href=\"https:\/\/www.instagram.com\/lesrochesencouleur\/\" target=\"_blank\" rel=\"noopener nofollow\">Toute la programmation ici.<\/a><\/p>\n<p data-offset-key=\"9cepu-0-0\"><a href=\"https:\/\/girlstakelyon.com\/wp-content\/uploads\/2025\/08\/520148155_1422274579374134_8164417934173982906_n.jpg\" data-rel=\"lightbox-image-1\" data-rl_title=\"\" data-rl_caption=\"\" title=\"\" rel=\"nofollow noopener\" target=\"_blank\"><img loading=\"lazy\" decoding=\"async\" class=\"aligncenter wp-image-40845 size-large\" src=\"data:image\/svg+xml,%3Csvg%20xmlns=\" http:=\"\" alt=\"Les-Roches-en-couleurs-street-art-Lyon\" width=\"819\" height=\"1024\" data-lazy- data-lazy- data-lazy-src=\"https:\/\/www.europesays.com\/fr\/wp-content\/uploads\/2025\/09\/520148155_1422274579374134_8164417934173982906_n-819x1024.jpg\"\/><\/a><\/p>\n<p data-offset-key=\"9cepu-0-0\"><a href=\"https:\/\/www.instagram.com\/s.a.f.i.r_festival\/?hl=en\" target=\"_blank\" rel=\"noopener nofollow\"><strong>Street Art Festival in Roche la Moli\u00e8re<\/strong><\/a><\/p>\n<p class=\"_1mf _1mj\" style=\"text-align: justify;\" data-offset-key=\"9cepu-0-0\">Direction la Loire du 12 au 14 septembre pour le Street Art Festival in Roche la Moli\u00e8re ! Avec Farid Rueda, Williann, Kalouf, Monsta, Alexone, Mr Fernand, Onirg, Teys.Sebastien, Fouapa, Rimp, Toox.one, \u00e7a ne peut que s\u2019annoncer comme une tr\u00e8s belle \u00e9dition \u00e0 ne pas manquer !<br \/>\u27a1 <a href=\"https:\/\/www.instagram.com\/s.a.f.i.r_festival\/?hl=en\" target=\"_blank\" rel=\"noopener nofollow\">Programmation ici.<\/a><\/p>\n<p data-offset-key=\"9cepu-0-0\"><a href=\"https:\/\/airtdefamille.fr\/\" target=\"_blank\" rel=\"noopener nofollow\"><strong>AiRT de Famille<\/strong><\/a><\/p>\n<p class=\"_1mf _1mj\" style=\"text-align: justify;\" data-offset-key=\"9cepu-0-0\">On a ador\u00e9 suivre la pr\u00e9paration du festival c\u00f4t\u00e9 coulisses sur les r\u00e9seaux, nous avons d\u00e9sormais h\u00e2te de d\u00e9couvrir le r\u00e9sultat ! Direction le 4\u00e8me \u00e9tage du Centre d\u2019\u00e9changes de Lyon Perrache pour retrouver les quelques 1000 objets confi\u00e9s par les lyonnais \u00e0 une quarantaine d\u2019artistes issus du programme omart, \u00e9mergents et confirm\u00e9s ! Customis\u00e9s et int\u00e9gr\u00e9s dans autant d\u2019univers diff\u00e9rents que d\u2019artistes, on devrait en prendre plein les yeux.<br \/>\u27a1 Ouverture du 20 septembre au 30 novembre.<a href=\"https:\/\/airtdefamille.fr\/\" target=\"_blank\" rel=\"noopener nofollow\"> Programmation compl\u00e8te et billetterie ici<\/a>.<\/p>\n<p data-offset-key=\"9cepu-0-0\"><a href=\"https:\/\/girlstakelyon.com\/wp-content\/uploads\/2025\/08\/499764130_705265372048710_6278088001446672480_n.jpg\" data-rel=\"lightbox-image-2\" data-rl_title=\"\" data-rl_caption=\"\" title=\"\" rel=\"nofollow noopener\" target=\"_blank\"><img loading=\"lazy\" decoding=\"async\" class=\"aligncenter wp-image-40846 size-large\" src=\"data:image\/svg+xml,%3Csvg%20xmlns=\" http:=\"\" alt=\"AiRT-de-Famille-Lyon-omart-street-art\" width=\"1024\" height=\"650\" data-lazy- data-lazy- data-lazy-src=\"https:\/\/www.europesays.com\/fr\/wp-content\/uploads\/2025\/08\/499764130_705265372048710_6278088001446672480_n-1024x650.jpg\"\/><\/a><\/p>\n<p data-offset-key=\"9cepu-0-0\"><a href=\"https:\/\/thedisturbhousemuseum.book.fr\/\" target=\"_blank\" rel=\"noopener nofollow\"><strong>4 ans du Mus\u00e9e du Skate \u00e0 Grigny<\/strong><\/a><\/p>\n<p class=\"_1mf _1mj\" style=\"text-align: justify;\" data-offset-key=\"9cepu-0-0\">Enfin, The Disturb House Museum, \u00e0 la fois mus\u00e9e et boutique sp\u00e9cialis\u00e9e dans le skateboard, f\u00eatera ses 4 ans fin septembre. Une f\u00eate qui devrait r\u00e9unir artistes, peintres, sculpteurs, tatoueurs, cr\u00e9ateurs\u2026 Le tout bien s\u00fbr en musique ! La parfaite occasion de d\u00e9couvrir ce lieu insolite et unique en France et dans le monde. N\u2019h\u00e9sitez pas \u00e0 prendre rdv pour r\u00e9server votre visite guid\u00e9e avec le fondateur des lieux !<br \/>\u27a1 Accessible en train, transport en commun depuis Lyon. <a href=\"https:\/\/thedisturbhousemuseum.book.fr\/\" target=\"_blank\" rel=\"noopener nofollow\">Plus d\u2019infos ici<\/a>. <a href=\"https:\/\/www.instagram.com\/thedisturbhousemuseum?igsh=NzhuNXVyNHV5ZXFy\" target=\"_blank\" rel=\"noopener nofollow\">Programmation ici.<\/a><\/p>\n<blockquote><p>\nOn vous souhaite un tr\u00e8s beau mois de septembre \u00e0 Lyon. Plein de couleurs, de d\u00e9couvertes et d\u2019\u00e9changes gr\u00e2ce \u00e0 toutes ces sorties street-art !\n<\/p><\/blockquote>\n<p><script async src=\"\/\/www.instagram.com\/embed.js\"><\/script><\/p>\n","protected":false},"excerpt":{"rendered":"On esp\u00e9rait secr\u00e8tement que l\u2019exposition \u00ab\u00a0Murmures des Marais\u00a0\u00bb rouvre, et bien nos v\u0153ux semblent avoir \u00e9t\u00e9 entendus !&hellip;\n","protected":false},"author":2,"featured_media":269188,"comment_status":"","ping_status":"","sticky":false,"template":"","format":"standard","meta":{"footnotes":""},"categories":[1889],"tags":[1111,11,2430,1777,674,1011,27,2428,12,25],"class_list":{"0":"post-359777","1":"post","2":"type-post","3":"status-publish","4":"format-standard","5":"has-post-thumbnail","7":"category-lyon","8":"tag-actu","9":"tag-actualites","10":"tag-auvergne-rhone-alpes","11":"tag-eu","12":"tag-europe","13":"tag-fr","14":"tag-france","15":"tag-lyon","16":"tag-news","17":"tag-republique-francaise"},"share_on_mastodon":{"url":"https:\/\/pubeurope.com\/@fr\/115132461379228197","error":""},"_links":{"self":[{"href":"https:\/\/www.europesays.com\/fr\/wp-json\/wp\/v2\/posts\/359777","targetHints":{"allow":["GET"]}}],"collection":[{"href":"https:\/\/www.europesays.com\/fr\/wp-json\/wp\/v2\/posts"}],"about":[{"href":"https:\/\/www.europesays.com\/fr\/wp-json\/wp\/v2\/types\/post"}],"author":[{"embeddable":true,"href":"https:\/\/www.europesays.com\/fr\/wp-json\/wp\/v2\/users\/2"}],"replies":[{"embeddable":true,"href":"https:\/\/www.europesays.com\/fr\/wp-json\/wp\/v2\/comments?post=359777"}],"version-history":[{"count":0,"href":"https:\/\/www.europesays.com\/fr\/wp-json\/wp\/v2\/posts\/359777\/revisions"}],"wp:featuredmedia":[{"embeddable":true,"href":"https:\/\/www.europesays.com\/fr\/wp-json\/wp\/v2\/media\/269188"}],"wp:attachment":[{"href":"https:\/\/www.europesays.com\/fr\/wp-json\/wp\/v2\/media?parent=359777"}],"wp:term":[{"taxonomy":"category","embeddable":true,"href":"https:\/\/www.europesays.com\/fr\/wp-json\/wp\/v2\/categories?post=359777"},{"taxonomy":"post_tag","embeddable":true,"href":"https:\/\/www.europesays.com\/fr\/wp-json\/wp\/v2\/tags?post=359777"}],"curies":[{"name":"wp","href":"https:\/\/api.w.org\/{rel}","templated":true}]}}