{"id":359782,"date":"2025-09-02T03:01:13","date_gmt":"2025-09-02T03:01:13","guid":{"rendered":"https:\/\/www.europesays.com\/fr\/359782\/"},"modified":"2025-09-02T03:01:13","modified_gmt":"2025-09-02T03:01:13","slug":"post-malone-cloture-son-defile-surprise-a-cheval-dans-lancienne-maison-de-karl-lagerfeld-a-paris","status":"publish","type":"post","link":"https:\/\/www.europesays.com\/fr\/359782\/","title":{"rendered":"Post Malone cl\u00f4ture son d\u00e9fil\u00e9 surprise \u00e0 cheval dans l&rsquo;ancienne maison de Karl Lagerfeld \u00e0 Paris"},"content":{"rendered":"<p>Le musicien et d\u00e9sormais designer Post Malone, \u00e0 l&rsquo;issue de son d\u00e9fil\u00e9, ce lundi 1er septembre, \u00e0 Paris.\u00a9 Getty Images via AFP<\/p>\n<p>Un cow-boy \u00e0 Paris<\/p>\n<p>Quelques heures avant le d\u00e9but des festivit\u00e9s, le ton \u00e9tait donn\u00e9 gr\u00e2ce au bandana envoy\u00e9 \u00e0 l&rsquo;ensemble des convives et qui servait de carton d&rsquo;invitation. Intitul\u00e9 \u201cAt First Light\u201d (\u201cAux premiers lueurs du jour\u201d, en fran\u00e7ais), ce premier volet a r\u00e9pondu \u00e0 une ambition claire : mettre en sc\u00e8ne un \u201cwestern de Dallas aux influences ranch du Sud-Ouest des \u00c9tats-Unis\u201d. Sur la premi\u00e8re image exclusive de la campagne partag\u00e9e en amont du show, Post Malone posait lui-m\u00eame dans l&rsquo;uniforme cowboyesque par excellence, \u00e0 savoir une chemise en chambray, un jean bleu avec une boucle de ceinture argent\u00e9e et un chapeau de cow-boy beige amidonn\u00e9. Une garde-robe largement explor\u00e9e, et sur-investie \u00e0 souhait, tout au long de la pr\u00e9sentation.<\/p>\n<p>Sans surprise, Post Malone a fait du Post Malone. Les silhouettes, d\u00e9clinaisons attendues du cow-boy version 2025, ont explor\u00e9 les mille et une facettes du western vestimentaire, \u00e0 quelques exceptions pr\u00e8s, \u00e7a et l\u00e0, aux tournures plus favorablement streetwear. Les vingt-cinq looks qui composaient cette garde-robe masculine piochaient en effet dans l&rsquo;attendu du style cow-boy : les surchemises en denim ont rencontr\u00e9 les jeans cintr\u00e9s surmont\u00e9s de ceintures \u00e0 \u00e9cussons. Les \u201ccow-boys \u00e0 Paris\u201d selon Post Malone mimaient la d\u00e9marche virile, main sur la taille, que le Hollywood de John Wayne ou de Gary Cooper nous ont appris \u00e0 aimer \u2013 ou d\u00e9tester, c&rsquo;est selon. Autant de gars moustachus \u00e0 lunettes de soleil aviateur, seules frivolit\u00e9s \u201ctendance\u201d rep\u00e9r\u00e9es ce soir \u2013 des solaires Jacques Marie Mage, il en va de soi, gr\u00e2ce au statut de lunetier fran\u00e7ais pr\u00e9f\u00e9r\u00e9 du tout Hollywood dont jouit ladite marque.<\/p>\n<p>Si l&rsquo;on rel\u00e8ve quelques exceptions au vestiaire cow-boy, des doudounes, des pantalons en cuir noir tr\u00e8s serr\u00e9s dignes d\u2019un Hedi Slimane p\u00e9riode Saint Laurent, le tout est rest\u00e9 fid\u00e8le \u00e0 l&rsquo;esth\u00e9tique Post Malone. Par ailleurs, le stylisme des looks n&rsquo;avait rien \u00e0 envier aux plus grands noms de la sc\u00e8ne mode parisienne. Les chemises boutonn\u00e9es \u00e0 carreaux se mariaient ainsi, non sans une certaine r\u00e9ussite, aux vestes \u00e0 franges, ainsi qu&rsquo;aux longues capes \u00e9questres, ou encore \u00e0 ces pulls incrust\u00e9s de m\u00e9dailles. Le th\u00e8me \u00e9questre en lien avec la figure du cow-boy s&rsquo;est impos\u00e9, sans surprise, comme le fil rouge de cette collection automne-hiver-printemps-\u00e9t\u00e9 qui, \u00e0 la surprise g\u00e9n\u00e9rale, s&rsquo;est cl\u00f4tur\u00e9e sur l&rsquo;apparition, en chair et en os, d&rsquo;un canasson surmont\u00e9 de son\u2026 cow-boy !<\/p>\n","protected":false},"excerpt":{"rendered":"Le musicien et d\u00e9sormais designer Post Malone, \u00e0 l&rsquo;issue de son d\u00e9fil\u00e9, ce lundi 1er septembre, \u00e0 Paris.\u00a9&hellip;\n","protected":false},"author":2,"featured_media":359783,"comment_status":"","ping_status":"","sticky":false,"template":"","format":"standard","meta":{"footnotes":""},"categories":[1888],"tags":[1111,1928,11,1927,993,1777,674,27553,1011,27,35057,12,1926,626,1925,49522,25],"class_list":{"0":"post-359782","1":"post","2":"type-post","3":"status-publish","4":"format-standard","5":"has-post-thumbnail","7":"category-paris","8":"tag-actu","9":"tag-actu-paris","10":"tag-actualites","11":"tag-actualites-paris","12":"tag-defiles","13":"tag-eu","14":"tag-europe","15":"tag-fashion-week-homme","16":"tag-fr","17":"tag-france","18":"tag-karl-lagerfeld","19":"tag-news","20":"tag-news-paris","21":"tag-paris","22":"tag-paris-news","23":"tag-post-malone","24":"tag-republique-francaise"},"share_on_mastodon":{"url":"https:\/\/pubeurope.com\/@fr\/115132477403977105","error":""},"_links":{"self":[{"href":"https:\/\/www.europesays.com\/fr\/wp-json\/wp\/v2\/posts\/359782","targetHints":{"allow":["GET"]}}],"collection":[{"href":"https:\/\/www.europesays.com\/fr\/wp-json\/wp\/v2\/posts"}],"about":[{"href":"https:\/\/www.europesays.com\/fr\/wp-json\/wp\/v2\/types\/post"}],"author":[{"embeddable":true,"href":"https:\/\/www.europesays.com\/fr\/wp-json\/wp\/v2\/users\/2"}],"replies":[{"embeddable":true,"href":"https:\/\/www.europesays.com\/fr\/wp-json\/wp\/v2\/comments?post=359782"}],"version-history":[{"count":0,"href":"https:\/\/www.europesays.com\/fr\/wp-json\/wp\/v2\/posts\/359782\/revisions"}],"wp:featuredmedia":[{"embeddable":true,"href":"https:\/\/www.europesays.com\/fr\/wp-json\/wp\/v2\/media\/359783"}],"wp:attachment":[{"href":"https:\/\/www.europesays.com\/fr\/wp-json\/wp\/v2\/media?parent=359782"}],"wp:term":[{"taxonomy":"category","embeddable":true,"href":"https:\/\/www.europesays.com\/fr\/wp-json\/wp\/v2\/categories?post=359782"},{"taxonomy":"post_tag","embeddable":true,"href":"https:\/\/www.europesays.com\/fr\/wp-json\/wp\/v2\/tags?post=359782"}],"curies":[{"name":"wp","href":"https:\/\/api.w.org\/{rel}","templated":true}]}}