{"id":359790,"date":"2025-09-02T03:05:11","date_gmt":"2025-09-02T03:05:11","guid":{"rendered":"https:\/\/www.europesays.com\/fr\/359790\/"},"modified":"2025-09-02T03:05:11","modified_gmt":"2025-09-02T03:05:11","slug":"entre-attaques-sur-les-raffineries-et-sanctions-europeennes-le-petrole-russe-sous-pression-liberation","status":"publish","type":"post","link":"https:\/\/www.europesays.com\/fr\/359790\/","title":{"rendered":"Entre attaques sur les raffineries et sanctions europ\u00e9ennes, le p\u00e9trole russe sous pression \u2013 Lib\u00e9ration"},"content":{"rendered":"<p class=\"sc-ksZaOG ehjQrN text-element\">Tout au long du mois d\u2019ao\u00fbt, les nuits russes ont \u00e9t\u00e9 marqu\u00e9es par une constante : de hautes flammes orange se sont \u00e9lev\u00e9es des raffineries de p\u00e9trole, <a href=\"https:\/\/www.liberation.fr\/international\/europe\/en-russie-une-raffinerie-incendiee-apres-une-attaque-de-drones-ukrainiens-20250814_ZLJUYFSKTRBJRPAAOUYMSOZN74\/\" target=\"_blank\" rel=\"noopener\" title=\"https:\/\/www.liberation.fr\/international\/europe\/en-russie-une-raffinerie-incendiee-apres-une-attaque-de-drones-ukrainiens-20250814_ZLJUYFSKTRBJRPAAOUYMSOZN74\/\">frapp\u00e9es \u00e0 r\u00e9p\u00e9tition par des attaques<\/a> de drones ukrainiens. Les derni\u00e8res, dans la nuit du 29 au 30 ao\u00fbt, ont touch\u00e9 celles de Krasnodar et de Syzran (sud-est du pays), qui repr\u00e9sentent \u00e0 elles deux 4,1 % de la capacit\u00e9 de raffinage russe. Selon le d\u00e9compte d\u2019Associated Press, au moins 14 infrastructures p\u00e9troli\u00e8res ont \u00e9t\u00e9 attaqu\u00e9es depuis le d\u00e9but du mois. Entre 13 et 17 % des capacit\u00e9s de raffinage du pays seraient \u00e0 l\u2019arr\u00eat.<\/p>\n<p class=\"sc-ksZaOG ehjQrN text-element\">L\u2019arm\u00e9e ukrainienne a r\u00e9ussi pour la premi\u00e8re fois \u00e0 toucher une raffinerie russe \u00e0 l\u2019aide de drones longue port\u00e9e en 2023 et a organis\u00e9 <a href=\"https:\/\/www.liberation.fr\/international\/europe\/les-attaques-de-drones-ukrainiens-sur-les-raffineries-russes-des-batons-dans-les-troupes-de-poutine-20240317_2GARFT4KTFFT5MFDOUVUFCDHD4\/\" target=\"_blank\" rel=\"noopener\" title=\"https:\/\/www.liberation.fr\/international\/europe\/les-attaques-de-drones-ukrainiens-sur-les-raffineries-russes-des-batons-dans-les-troupes-de-poutine-20240317_2GARFT4KTFFT5MFDOUVUFCDHD4\/\">plusieu<\/a><\/p>\n","protected":false},"excerpt":{"rendered":"Tout au long du mois d\u2019ao\u00fbt, les nuits russes ont \u00e9t\u00e9 marqu\u00e9es par une constante : de hautes&hellip;\n","protected":false},"author":2,"featured_media":359791,"comment_status":"","ping_status":"","sticky":false,"template":"","format":"standard","meta":{"footnotes":""},"categories":[1590],"tags":[11,893,1777,674,5595,12,132,220,297],"class_list":{"0":"post-359790","1":"post","2":"type-post","3":"status-publish","4":"format-standard","5":"has-post-thumbnail","7":"category-ukraine","8":"tag-actualites","9":"tag-energie","10":"tag-eu","11":"tag-europe","12":"tag-inde","13":"tag-news","14":"tag-russie","15":"tag-ukraine","16":"tag-ukraine-la-crise"},"share_on_mastodon":{"url":"https:\/\/pubeurope.com\/@fr\/115132493537025834","error":""},"_links":{"self":[{"href":"https:\/\/www.europesays.com\/fr\/wp-json\/wp\/v2\/posts\/359790","targetHints":{"allow":["GET"]}}],"collection":[{"href":"https:\/\/www.europesays.com\/fr\/wp-json\/wp\/v2\/posts"}],"about":[{"href":"https:\/\/www.europesays.com\/fr\/wp-json\/wp\/v2\/types\/post"}],"author":[{"embeddable":true,"href":"https:\/\/www.europesays.com\/fr\/wp-json\/wp\/v2\/users\/2"}],"replies":[{"embeddable":true,"href":"https:\/\/www.europesays.com\/fr\/wp-json\/wp\/v2\/comments?post=359790"}],"version-history":[{"count":0,"href":"https:\/\/www.europesays.com\/fr\/wp-json\/wp\/v2\/posts\/359790\/revisions"}],"wp:featuredmedia":[{"embeddable":true,"href":"https:\/\/www.europesays.com\/fr\/wp-json\/wp\/v2\/media\/359791"}],"wp:attachment":[{"href":"https:\/\/www.europesays.com\/fr\/wp-json\/wp\/v2\/media?parent=359790"}],"wp:term":[{"taxonomy":"category","embeddable":true,"href":"https:\/\/www.europesays.com\/fr\/wp-json\/wp\/v2\/categories?post=359790"},{"taxonomy":"post_tag","embeddable":true,"href":"https:\/\/www.europesays.com\/fr\/wp-json\/wp\/v2\/tags?post=359790"}],"curies":[{"name":"wp","href":"https:\/\/api.w.org\/{rel}","templated":true}]}}