{"id":359798,"date":"2025-09-02T03:09:10","date_gmt":"2025-09-02T03:09:10","guid":{"rendered":"https:\/\/www.europesays.com\/fr\/359798\/"},"modified":"2025-09-02T03:09:10","modified_gmt":"2025-09-02T03:09:10","slug":"rentree-des-classes-ingerence-russe-en-europe-et-seisme-en-afghanistan-lessentiel-du-soir","status":"publish","type":"post","link":"https:\/\/www.europesays.com\/fr\/359798\/","title":{"rendered":"Rentr\u00e9e des classes, ing\u00e9rence russe en Europe et s\u00e9isme en Afghanistan : l&rsquo;essentiel du soir"},"content":{"rendered":"<p>Chaque matin, Florine Silvant vous r\u00e9sume en une minute l&rsquo;actualit\u00e9 de la nuit pass\u00e9e et de la journ\u00e9e \u00e0 venir.<\/p>\n<p>Chaque soir, Martin Pinguet vous r\u00e9sume en moins de 5 minutes les grands \u00e9v\u00e9nements qui ont marqu\u00e9 l&rsquo;actualit\u00e9 de la journ\u00e9e.<\/p>\n<p>Chaque matin, Florine Silvant vous r\u00e9sume en une minute l&rsquo;actualit\u00e9 de la nuit pass\u00e9e et de la journ\u00e9e \u00e0 venir.<\/p>\n<p>Chaque soir, Martin Pinguet vous r\u00e9sume en moins de 5 minutes les grands \u00e9v\u00e9nements qui ont marqu\u00e9 l&rsquo;actualit\u00e9 de la journ\u00e9e.<\/p>\n<p>Chaque matin, Florine Silvant vous r\u00e9sume en une minute l&rsquo;actualit\u00e9 de la nuit pass\u00e9e et de la journ\u00e9e \u00e0 venir.<\/p>\n<p>Chaque soir, Martin Pinguet vous r\u00e9sume en moins de 5 minutes les grands \u00e9v\u00e9nements qui ont marqu\u00e9 l&rsquo;actualit\u00e9 de la journ\u00e9e.<\/p>\n<p>Chaque matin, Florine Silvant vous r\u00e9sume en une minute l&rsquo;actualit\u00e9 de la nuit pass\u00e9e et de la journ\u00e9e \u00e0 venir.<\/p>\n<p>Chaque soir, Martin Pinguet vous r\u00e9sume en moins de 5 minutes les grands \u00e9v\u00e9nements qui ont marqu\u00e9 l&rsquo;actualit\u00e9 de la journ\u00e9e.<\/p>\n<p>Chaque matin, Florine Silvant vous r\u00e9sume en une minute l&rsquo;actualit\u00e9 de la nuit pass\u00e9e et de la journ\u00e9e \u00e0 venir.<\/p>\n","protected":false},"excerpt":{"rendered":"Chaque matin, Florine Silvant vous r\u00e9sume en une minute l&rsquo;actualit\u00e9 de la nuit pass\u00e9e et de la journ\u00e9e&hellip;\n","protected":false},"author":2,"featured_media":359799,"comment_status":"","ping_status":"","sticky":false,"template":"","format":"standard","meta":{"footnotes":""},"categories":[1586],"tags":[11,1777,674,1011,27,12,25],"class_list":{"0":"post-359798","1":"post","2":"type-post","3":"status-publish","4":"format-standard","5":"has-post-thumbnail","7":"category-europe","8":"tag-actualites","9":"tag-eu","10":"tag-europe","11":"tag-fr","12":"tag-france","13":"tag-news","14":"tag-republique-francaise"},"share_on_mastodon":{"url":"https:\/\/pubeurope.com\/@fr\/115132508727679404","error":""},"_links":{"self":[{"href":"https:\/\/www.europesays.com\/fr\/wp-json\/wp\/v2\/posts\/359798","targetHints":{"allow":["GET"]}}],"collection":[{"href":"https:\/\/www.europesays.com\/fr\/wp-json\/wp\/v2\/posts"}],"about":[{"href":"https:\/\/www.europesays.com\/fr\/wp-json\/wp\/v2\/types\/post"}],"author":[{"embeddable":true,"href":"https:\/\/www.europesays.com\/fr\/wp-json\/wp\/v2\/users\/2"}],"replies":[{"embeddable":true,"href":"https:\/\/www.europesays.com\/fr\/wp-json\/wp\/v2\/comments?post=359798"}],"version-history":[{"count":0,"href":"https:\/\/www.europesays.com\/fr\/wp-json\/wp\/v2\/posts\/359798\/revisions"}],"wp:featuredmedia":[{"embeddable":true,"href":"https:\/\/www.europesays.com\/fr\/wp-json\/wp\/v2\/media\/359799"}],"wp:attachment":[{"href":"https:\/\/www.europesays.com\/fr\/wp-json\/wp\/v2\/media?parent=359798"}],"wp:term":[{"taxonomy":"category","embeddable":true,"href":"https:\/\/www.europesays.com\/fr\/wp-json\/wp\/v2\/categories?post=359798"},{"taxonomy":"post_tag","embeddable":true,"href":"https:\/\/www.europesays.com\/fr\/wp-json\/wp\/v2\/tags?post=359798"}],"curies":[{"name":"wp","href":"https:\/\/api.w.org\/{rel}","templated":true}]}}