{"id":359800,"date":"2025-09-02T03:10:14","date_gmt":"2025-09-02T03:10:14","guid":{"rendered":"https:\/\/www.europesays.com\/fr\/359800\/"},"modified":"2025-09-02T03:10:14","modified_gmt":"2025-09-02T03:10:14","slug":"podcast-lunion-europeenne-et-leducation-batir-lavenir-ensemble","status":"publish","type":"post","link":"https:\/\/www.europesays.com\/fr\/359800\/","title":{"rendered":"[Podcast] L\u2019Union europ\u00e9enne et l\u2019\u00e9ducation : b\u00e2tir l\u2019avenir ensemble"},"content":{"rendered":"<p>\t[Podcast] L\u2019Union europ\u00e9enne et l\u2019\u00e9ducation : b\u00e2tir l\u2019avenir ensemble &#8211; Touteleurope.eu<\/p>\n<p>\t\t<img decoding=\"async\" alt=\"fermer\" class=\"close-info\" src=\"https:\/\/www.touteleurope.eu\/wp-content\/themes\/toute_leurope\/assets\/images\/close-picto-blue.svg\"\/><\/p>\n<p>Touteleurope.eu est le site p\u00e9dagogique de r\u00e9f\u00e9rence sur les questions europ\u00e9ennes : <a href=\"https:\/\/www.touteleurope.eu\/qui-sommes-nous\/\" target=\"_blank\" rel=\"noopener nofollow\">Qui sommes-nous ?<\/a><\/p>\n<p><img decoding=\"async\" class=\"logo-pdf\" alt=\"Toute L'Europe \u2013 Comprendre l'Europe\" src=\"https:\/\/www.touteleurope.eu\/wp-content\/themes\/toute_leurope\/assets\/images\/logo-ttl.svg\"\/><\/p>\n","protected":false},"excerpt":{"rendered":"[Podcast] L\u2019Union europ\u00e9enne et l\u2019\u00e9ducation : b\u00e2tir l\u2019avenir ensemble &#8211; Touteleurope.eu Touteleurope.eu est le site p\u00e9dagogique de r\u00e9f\u00e9rence&hellip;\n","protected":false},"author":2,"featured_media":359801,"comment_status":"","ping_status":"","sticky":false,"template":"","format":"standard","meta":{"footnotes":""},"categories":[1586],"tags":[11,1057,8273,1777,49529,674,1779,1011,27,22095,12,25,104,1778,364],"class_list":{"0":"post-359800","1":"post","2":"type-post","3":"status-publish","4":"format-standard","5":"has-post-thumbnail","7":"category-europe","8":"tag-actualites","9":"tag-education","10":"tag-erasmus","11":"tag-eu","12":"tag-europass","13":"tag-europe","14":"tag-european-union","15":"tag-fr","16":"tag-france","17":"tag-mobilite-europeenne","18":"tag-news","19":"tag-republique-francaise","20":"tag-societe","21":"tag-ue","22":"tag-union-europeenne"},"share_on_mastodon":{"url":"https:\/\/pubeurope.com\/@fr\/115132513156876018","error":""},"_links":{"self":[{"href":"https:\/\/www.europesays.com\/fr\/wp-json\/wp\/v2\/posts\/359800","targetHints":{"allow":["GET"]}}],"collection":[{"href":"https:\/\/www.europesays.com\/fr\/wp-json\/wp\/v2\/posts"}],"about":[{"href":"https:\/\/www.europesays.com\/fr\/wp-json\/wp\/v2\/types\/post"}],"author":[{"embeddable":true,"href":"https:\/\/www.europesays.com\/fr\/wp-json\/wp\/v2\/users\/2"}],"replies":[{"embeddable":true,"href":"https:\/\/www.europesays.com\/fr\/wp-json\/wp\/v2\/comments?post=359800"}],"version-history":[{"count":0,"href":"https:\/\/www.europesays.com\/fr\/wp-json\/wp\/v2\/posts\/359800\/revisions"}],"wp:featuredmedia":[{"embeddable":true,"href":"https:\/\/www.europesays.com\/fr\/wp-json\/wp\/v2\/media\/359801"}],"wp:attachment":[{"href":"https:\/\/www.europesays.com\/fr\/wp-json\/wp\/v2\/media?parent=359800"}],"wp:term":[{"taxonomy":"category","embeddable":true,"href":"https:\/\/www.europesays.com\/fr\/wp-json\/wp\/v2\/categories?post=359800"},{"taxonomy":"post_tag","embeddable":true,"href":"https:\/\/www.europesays.com\/fr\/wp-json\/wp\/v2\/tags?post=359800"}],"curies":[{"name":"wp","href":"https:\/\/api.w.org\/{rel}","templated":true}]}}