{"id":359805,"date":"2025-09-02T03:13:10","date_gmt":"2025-09-02T03:13:10","guid":{"rendered":"https:\/\/www.europesays.com\/fr\/359805\/"},"modified":"2025-09-02T03:13:10","modified_gmt":"2025-09-02T03:13:10","slug":"le-rappeur-yvnnis-nous-porte-dans-le-sud-de-la-france","status":"publish","type":"post","link":"https:\/\/www.europesays.com\/fr\/359805\/","title":{"rendered":"Le rappeur Yvnnis nous porte dans le \u00ab\u00a0Sud de la France\u00a0\u00bb"},"content":{"rendered":"<p class=\"PopSlotParagraph qg-tx2 qg-xtra-lh svelte-1r0pyek\">Avant de descendre dans le sud, un d\u00e9tour par la ville d&rsquo;origine d&rsquo;Yvnnis, Fontenay-sous-Bois dans le 94, un d\u00e9partement qui a son importance sur la carte du rap hexagonal\u00a0: c&rsquo;est de l\u00e0 que viennent entre autres, Kery James, Rim&rsquo;K, MC Solaar, et doncaujourd&rsquo;hui Yvnnis. Avant d&rsquo;\u00e9couter le rappeur, petite pr\u00e9cision, si vous cherchez son nom sur les interwebs, Yvnnis s&rsquo;\u00e9crit avec une coquetterie typographique\u00a0: il y a un V \u00e0 la place du A.<\/p>\n<p class=\"PopSlotParagraph qg-tx2 qg-xtra-lh svelte-1r0pyek\">Ceci \u00e9tant pos\u00e9, de quoi Yannis Odjo, de son nom \u00e0 l&rsquo;\u00e9tat civil, est-il le symbole\u00a0? Celui d&rsquo;une nouvelle vague du rap fran\u00e7ais, celle qui a \u00e9merg\u00e9 suite au Covid, un bedroom rap n\u00e9 d&rsquo;une exp\u00e9rience de la solitude, imagin\u00e9 dans des chambres d&rsquo;ados \u00e0 la fois impatients et inquiets de remettre le nez dehors. Pour Yvnnis, le parcours a \u00e9t\u00e9 aussi fluide que rapide\u00a0: des EP, l&rsquo;album L&rsquo;Afro Ou Les Tresses, des concerts, pas de collaborations, il se d\u00e9brouille tr\u00e8s bien tout seul, une session on ne peut plus carr\u00e9e sur la chaine Youtube Colors, avec des auditeurs toujours plus nombreux et des titres qui savent dissoudre le spleen.<\/p>\n<p class=\"qg-sr-only\" role=\"heading\" aria-level=\"3\">Pour voir ce contenu, acceptez les cookies.<\/p>\n<p class=\"ConsentNotice-description qg-tx3 svelte-m9wmt1\">Pour afficher ce contenu Youtube, vous devez accepter les cookies <b>Publicit\u00e9<\/b>.<br \/>Ces cookies permettent \u00e0 nos partenaires de vous proposer des publicit\u00e9s et des contenus personnalis\u00e9s en fonction de votre navigation, de votre profil et de vos centres d&rsquo;int\u00e9r\u00eat. <\/p>\n<p>  G\u00e9rer mes choix     J&rsquo;autorise  <\/p>\n<p class=\"PopSlotParagraph qg-tx2 qg-xtra-lh svelte-1r0pyek\">Comme sur \u201cBARA\u201d, avec ce flow assur\u00e9, cette \u00e9criture qui t\u00e9lescope \u00e9gotrip et d\u00e9rision, et des prods qui d\u00e9rivent vers des sons inattendus dans cette esth\u00e9tique\u00a0! Avec des samples de jazz, de pop italienne et des violons qui nous rendent tout chose.<br \/>Sa d\u00e9marche, c&rsquo;est le Do it Yourself, et il faut reconnaitre qu&rsquo;il s&rsquo;en sort \u00e0 merveille. Do It Yourself et New Wave, deux termes qu&rsquo;on employait au d\u00e9but des ann\u00e9es 80 pour parler du rock, aujourd&rsquo;hui, c&rsquo;est le rap qui s&rsquo;en est empar\u00e9 avec des artistes de plus en plus autonomes, de plus en plus \u00e9rudits, de plus en plus pr\u00eats \u00e0 d\u00e9vorer le monde, \u201cplus Jack Honey que Chardonnay\u201d comme le rappe Yvnnis.<\/p>\n<p class=\"qg-sr-only\" role=\"heading\" aria-level=\"3\">Pour voir ce contenu, acceptez les cookies.<\/p>\n<p class=\"ConsentNotice-description qg-tx3 svelte-m9wmt1\">Pour afficher ce contenu Youtube, vous devez accepter les cookies <b>Publicit\u00e9<\/b>.<br \/>Ces cookies permettent \u00e0 nos partenaires de vous proposer des publicit\u00e9s et des contenus personnalis\u00e9s en fonction de votre navigation, de votre profil et de vos centres d&rsquo;int\u00e9r\u00eat. <\/p>\n<p>  G\u00e9rer mes choix     J&rsquo;autorise  <\/p>\n<p class=\"PopSlotParagraph qg-tx2 qg-xtra-lh svelte-1r0pyek\">Yvnnis sera en concert le 25 octobre au Grunt Festival \u00e0 la Grande Halle de La Villette \u00e0 Paris.<\/p>\n","protected":false},"excerpt":{"rendered":"Avant de descendre dans le sud, un d\u00e9tour par la ville d&rsquo;origine d&rsquo;Yvnnis, Fontenay-sous-Bois dans le 94, un&hellip;\n","protected":false},"author":2,"featured_media":359806,"comment_status":"","ping_status":"","sticky":false,"template":"","format":"standard","meta":{"footnotes":""},"categories":[4],"tags":[11,1011,27,12,25],"class_list":{"0":"post-359805","1":"post","2":"type-post","3":"status-publish","4":"format-standard","5":"has-post-thumbnail","7":"category-france","8":"tag-actualites","9":"tag-fr","10":"tag-france","11":"tag-news","12":"tag-republique-francaise"},"share_on_mastodon":{"url":"https:\/\/pubeurope.com\/@fr\/115132524308553324","error":""},"_links":{"self":[{"href":"https:\/\/www.europesays.com\/fr\/wp-json\/wp\/v2\/posts\/359805","targetHints":{"allow":["GET"]}}],"collection":[{"href":"https:\/\/www.europesays.com\/fr\/wp-json\/wp\/v2\/posts"}],"about":[{"href":"https:\/\/www.europesays.com\/fr\/wp-json\/wp\/v2\/types\/post"}],"author":[{"embeddable":true,"href":"https:\/\/www.europesays.com\/fr\/wp-json\/wp\/v2\/users\/2"}],"replies":[{"embeddable":true,"href":"https:\/\/www.europesays.com\/fr\/wp-json\/wp\/v2\/comments?post=359805"}],"version-history":[{"count":0,"href":"https:\/\/www.europesays.com\/fr\/wp-json\/wp\/v2\/posts\/359805\/revisions"}],"wp:featuredmedia":[{"embeddable":true,"href":"https:\/\/www.europesays.com\/fr\/wp-json\/wp\/v2\/media\/359806"}],"wp:attachment":[{"href":"https:\/\/www.europesays.com\/fr\/wp-json\/wp\/v2\/media?parent=359805"}],"wp:term":[{"taxonomy":"category","embeddable":true,"href":"https:\/\/www.europesays.com\/fr\/wp-json\/wp\/v2\/categories?post=359805"},{"taxonomy":"post_tag","embeddable":true,"href":"https:\/\/www.europesays.com\/fr\/wp-json\/wp\/v2\/tags?post=359805"}],"curies":[{"name":"wp","href":"https:\/\/api.w.org\/{rel}","templated":true}]}}