{"id":359807,"date":"2025-09-02T03:16:12","date_gmt":"2025-09-02T03:16:12","guid":{"rendered":"https:\/\/www.europesays.com\/fr\/359807\/"},"modified":"2025-09-02T03:16:12","modified_gmt":"2025-09-02T03:16:12","slug":"rugby-a-xiii-les-debuts-de-lenny-marc-avec-les-dragons-catalans-jeudi-a-salford","status":"publish","type":"post","link":"https:\/\/www.europesays.com\/fr\/359807\/","title":{"rendered":"Rugby \u00e0 XIII\u00a0: Les d\u00e9buts de Lenny Marc avec les Dragons Catalans jeudi \u00e0 Salford"},"content":{"rendered":"<p>\n                                                                Joel Tomkins l\u2019a annonc\u00e9 avant la r\u00e9ception de Wigan. Il veut lancer Lenny Marc dans le grand bain de la Super League. Une juste r\u00e9compense pour le centre ou arri\u00e8re de 19 ans qui patiente depuis le d\u00e9but de l\u2019\u00e9t\u00e9 en attendant que la lumi\u00e8re verte s\u2019allume au-dessus des vestiaires. C\u2019est chose faite pour Lenny Marc qui sera du d\u00e9placement jeudi soir (21\u00a0h) \u00e0 Salford.\n                            <\/p>\n<p>Form\u00e9 \u00e0 Pia apr\u00e8s des d\u00e9buts \u00e0 Barcar\u00e8s et deux ann\u00e9es en U17 \u00e0 Baho, Lenny Marc se pr\u00e9pare \u00e0 disputer son premier match en Super League avec les Dragons Catalans. Entre \u00e9motion familiale, souvenirs d\u2019enfance et regards \u00e9logieux de son staff, il vit son r\u00eave \u00e9veill\u00e9. \u00ab\u00a0Au centre ou \u00e0 l\u2019aile, je ne sais pas encore, mai sil jouera\u00a0\u00bb, a promis son entra\u00eeneur Joel Tomkins.<\/p>\n<p>\u00c0 seulement 19 ans, Lenny Marc s\u2019appr\u00eate donc \u00e0 vivre l\u2019un des moments les plus marquants de sa jeune carri\u00e8re\u00a0: porter pour la premi\u00e8re fois le maillot des Dragons Catalans en Super League. \u00ab\u00a0Je r\u00e9alise \u00e0 peine\u00a0\u00bb, confie-t-il, partag\u00e9 entre fiert\u00e9 et lucidit\u00e9.<\/p>\n<p>Issu de l\u2019\u00e9cole de rugby de Barcar\u00e8s, il a rapidement franchi les \u00e9tapes\u00a0: une seule saison en junior avant d\u2019int\u00e9grer directement l\u2019\u00e9quipe premi\u00e8re, avec un titre \u00e0 la cl\u00e9 en Coupe de France Lord-Derby. Aujourd\u2019hui, il savoure ses d\u00e9buts sans exc\u00e8s. \u00ab\u00a0Ce que j\u2019ai accompli n\u2019est qu\u2019un d\u00e9but\u00a0: le plus difficile reste \u00e0 venir\u00a0\u00bb, souligne-t-il.<\/p>\n<p>Supporter de toujours, abonn\u00e9 au stade Gilbert-Brutus depuis l\u2019enfance, il se souvient de ses premiers matchs v\u00e9cus \u00e0 seulement trois ou quatre ans. \u00ab\u00a0Quand j\u2019ai commenc\u00e9 \u00e0 jouer chaque week-end et que mon p\u00e8re a vu ma passion, il en \u00e9tait fier\u00a0\u00bb, raconte-t-il. D\u00e9sormais, celui qui posait en photo avec ses idoles s\u2019entra\u00eene et joue \u00e0 leurs c\u00f4t\u00e9s\u00a0: \u00ab\u00a0Quand tu es petit, ce sont tes h\u00e9ros. Et l\u00e0, tu es avec eux sur le terrain. \u00c7a rend fier\u00a0\u00bb, assume-t-il pointant du doigt son capitaine Benjamin Garcia.<\/p>\n<p>Son engagement et son \u00e9tat d\u2019esprit n\u2019ont pas \u00e9chapp\u00e9 au staff technique. \u00ab\u00a0J\u2019ai \u00e9t\u00e9 vraiment impressionn\u00e9 par lui ces trois derniers mois, explique son entra\u00eeneur Jo\u00ebl Tomkins. Il est comp\u00e9titif, plein d\u2019\u00e9nergie et d\u2019enthousiasme, et il a \u00e9lev\u00e9 les standards \u00e0 l\u2019entra\u00eenement.\u00a0\u00bb<\/p>\n<blockquote>\n<p>Ces jeunes offrent plusieurs options et c\u2019est une vraie richesse pour l\u2019\u00e9quipe<\/p>\n<\/blockquote>\n<p>R\u00e9compens\u00e9 par une premi\u00e8re apparition en Super League ce jeudi \u00e0 Salford, Lenny Marc ne veut pas br\u00fbler les \u00e9tapes. Mais Joel Tomkins est convaincu de son potentiel\u00a0: \u00ab\u00a0Il a un grand avenir et\u00a0j\u2019esp\u00e8re qu\u2019il jouera davantage l\u2019an prochain.\u00a0\u00bb<\/p>\n<p>Le coach souligne aussi sa polyvalence, une qualit\u00e9 partag\u00e9e par plusieurs jeunes Fran\u00e7ais. \u00ab\u00a0Lenny peut \u00e9voluer arri\u00e8re, centre ou ailier. Comme Cl\u00e9ment Martin, Guillermo Aispuro-Bichet ou Descalzi qui peut jouer au milieu et deuxi\u00e8me ligne. Ces jeunes\u00a0offrent plusieurs options et\u00a0c\u2019est une vraie richesse pour l\u2019\u00e9quipe\u00a0\u00bb, insiste-t-il.<\/p>\n<p>Capitaine des Dragons, Benjamin Garcia salue lui aussi cette nouvelle g\u00e9n\u00e9ration. \u00ab\u00a0C\u2019est une bonne chose, le club en a besoin. Et nous aussi, \u00e7a nous motive de leur apporter\u00a0de la confiance, m\u00eame si la p\u00e9riode est difficile. C\u2019est important de bien les lancer et dans de bonnes conditions\u00a0\u00bb, rel\u00e8ve-t-il. Le troisi\u00e8me ligne international rappelle le r\u00f4le des anciens\u00a0: \u00ab\u00a0Nous sommes garants de \u00e7a, leur donner confiance. Un d\u00e9but, c\u2019est toujours particulier.\u00a0\u00bb<\/p>\n<p>Pour Benjamin Garcia (32 ans) qui a d\u00e9but\u00e9 en SL \u00e0 20 \u00e0 Leeds avec les Dracs, voir un jeune Fran\u00e7ais comme Lenny Marc int\u00e9grer le groupe a valeur d\u2019exemple. \u00ab\u00a0On a envie de l\u2019aider, et j\u2019esp\u00e8re qu\u2019ils seront nombreux \u00e0 suivre.\u00a0\u00bb Un soutien de taille pour le jeune trois-quarts, d\u00e9cid\u00e9 \u00e0 poursuivre son r\u00eave d\u2019enfant avec son club de c\u0153ur.<\/p>\n<p>Lucide, Lenny Marc garde la t\u00eate froide. \u00ab\u00a0C\u2019est ton premier match, il faut montrer que tu seras \u00e0 la hauteur\u00a0\u00bb, conclut-il, d\u00e9j\u00e0 tourn\u00e9 vers la suite d\u2019un parcours qu\u2019il r\u00eave de b\u00e2tir sur la dur\u00e9e avec son club de c\u0153ur.<\/p>\n","protected":false},"excerpt":{"rendered":"Joel Tomkins l\u2019a annonc\u00e9 avant la r\u00e9ception de Wigan. Il veut lancer Lenny Marc dans le grand bain&hellip;\n","protected":false},"author":2,"featured_media":359808,"comment_status":"","ping_status":"","sticky":false,"template":"","format":"standard","meta":{"footnotes":""},"categories":[1416],"tags":[1011,27,479,1468,60],"class_list":{"0":"post-359807","1":"post","2":"type-post","3":"status-publish","4":"format-standard","5":"has-post-thumbnail","7":"category-rugby","8":"tag-fr","9":"tag-france","10":"tag-rugby","11":"tag-rugby-football","12":"tag-sports"},"share_on_mastodon":{"url":"https:\/\/pubeurope.com\/@fr\/115132536202622896","error":""},"_links":{"self":[{"href":"https:\/\/www.europesays.com\/fr\/wp-json\/wp\/v2\/posts\/359807","targetHints":{"allow":["GET"]}}],"collection":[{"href":"https:\/\/www.europesays.com\/fr\/wp-json\/wp\/v2\/posts"}],"about":[{"href":"https:\/\/www.europesays.com\/fr\/wp-json\/wp\/v2\/types\/post"}],"author":[{"embeddable":true,"href":"https:\/\/www.europesays.com\/fr\/wp-json\/wp\/v2\/users\/2"}],"replies":[{"embeddable":true,"href":"https:\/\/www.europesays.com\/fr\/wp-json\/wp\/v2\/comments?post=359807"}],"version-history":[{"count":0,"href":"https:\/\/www.europesays.com\/fr\/wp-json\/wp\/v2\/posts\/359807\/revisions"}],"wp:featuredmedia":[{"embeddable":true,"href":"https:\/\/www.europesays.com\/fr\/wp-json\/wp\/v2\/media\/359808"}],"wp:attachment":[{"href":"https:\/\/www.europesays.com\/fr\/wp-json\/wp\/v2\/media?parent=359807"}],"wp:term":[{"taxonomy":"category","embeddable":true,"href":"https:\/\/www.europesays.com\/fr\/wp-json\/wp\/v2\/categories?post=359807"},{"taxonomy":"post_tag","embeddable":true,"href":"https:\/\/www.europesays.com\/fr\/wp-json\/wp\/v2\/tags?post=359807"}],"curies":[{"name":"wp","href":"https:\/\/api.w.org\/{rel}","templated":true}]}}