{"id":359810,"date":"2025-09-02T03:19:10","date_gmt":"2025-09-02T03:19:10","guid":{"rendered":"https:\/\/www.europesays.com\/fr\/359810\/"},"modified":"2025-09-02T03:19:10","modified_gmt":"2025-09-02T03:19:10","slug":"jorge-martin-privilegie-la-constance-pour-retrouver-le-sommet","status":"publish","type":"post","link":"https:\/\/www.europesays.com\/fr\/359810\/","title":{"rendered":"Jorge Mart\u00edn privil\u00e9gie la constance pour retrouver le sommet"},"content":{"rendered":"<p>  <img loading=\"lazy\" decoding=\"async\" src=\"https:\/\/www.europesays.com\/fr\/wp-content\/uploads\/2025\/09\/1200-L-motogp-la-stratgie-patiente-de-martn-pour-retrouver-le-sommet.jpg\" alt=\"De retour apr\u00e8s une p\u00e9riode compliqu\u00e9e, Jorge Mart\u00edn mise sur la constance et l\u2019apprentissage plut\u00f4t que sur la victoire imm\u00e9diate.\" width=\"1200\" height=\"640\" class=\"\"\/>  <\/p>\n<p>De retour apr\u00e8s une p\u00e9riode compliqu\u00e9e, Jorge Mart\u00edn mise sur la constance et l\u2019apprentissage plut\u00f4t que sur la victoire imm\u00e9diate.Credit Photo &#8211; Icon Sport<\/p>\n<p class=\"chapeau\">Jorge Mart\u00edn, champion du monde en titre, refuse de c\u00e9der \u00e0 la pr\u00e9cipitation. De retour en piste apr\u00e8s une p\u00e9riode compliqu\u00e9e, le pilote Aprilia privil\u00e9gie la progression et la constance plut\u00f4t qu\u2019une recherche imm\u00e9diate de victoire.<\/p>\n","protected":false},"excerpt":{"rendered":"De retour apr\u00e8s une p\u00e9riode compliqu\u00e9e, Jorge Mart\u00edn mise sur la constance et l\u2019apprentissage plut\u00f4t que sur la&hellip;\n","protected":false},"author":2,"featured_media":359811,"comment_status":"","ping_status":"","sticky":false,"template":"","format":"standard","meta":{"footnotes":""},"categories":[1413],"tags":[1011,27,1457,1456,60],"class_list":{"0":"post-359810","1":"post","2":"type-post","3":"status-publish","4":"format-standard","5":"has-post-thumbnail","7":"category-moto","8":"tag-fr","9":"tag-france","10":"tag-moto","11":"tag-motocycle","12":"tag-sports"},"share_on_mastodon":{"url":"https:\/\/pubeurope.com\/@fr\/115132548288237458","error":""},"_links":{"self":[{"href":"https:\/\/www.europesays.com\/fr\/wp-json\/wp\/v2\/posts\/359810","targetHints":{"allow":["GET"]}}],"collection":[{"href":"https:\/\/www.europesays.com\/fr\/wp-json\/wp\/v2\/posts"}],"about":[{"href":"https:\/\/www.europesays.com\/fr\/wp-json\/wp\/v2\/types\/post"}],"author":[{"embeddable":true,"href":"https:\/\/www.europesays.com\/fr\/wp-json\/wp\/v2\/users\/2"}],"replies":[{"embeddable":true,"href":"https:\/\/www.europesays.com\/fr\/wp-json\/wp\/v2\/comments?post=359810"}],"version-history":[{"count":0,"href":"https:\/\/www.europesays.com\/fr\/wp-json\/wp\/v2\/posts\/359810\/revisions"}],"wp:featuredmedia":[{"embeddable":true,"href":"https:\/\/www.europesays.com\/fr\/wp-json\/wp\/v2\/media\/359811"}],"wp:attachment":[{"href":"https:\/\/www.europesays.com\/fr\/wp-json\/wp\/v2\/media?parent=359810"}],"wp:term":[{"taxonomy":"category","embeddable":true,"href":"https:\/\/www.europesays.com\/fr\/wp-json\/wp\/v2\/categories?post=359810"},{"taxonomy":"post_tag","embeddable":true,"href":"https:\/\/www.europesays.com\/fr\/wp-json\/wp\/v2\/tags?post=359810"}],"curies":[{"name":"wp","href":"https:\/\/api.w.org\/{rel}","templated":true}]}}