{"id":359812,"date":"2025-09-02T03:20:20","date_gmt":"2025-09-02T03:20:20","guid":{"rendered":"https:\/\/www.europesays.com\/fr\/359812\/"},"modified":"2025-09-02T03:20:20","modified_gmt":"2025-09-02T03:20:20","slug":"ancien-pilote-de-f1-tarso-marques-arrete-dans-un-scandale-choquant-de-voitures-de-luxe-au-bresil","status":"publish","type":"post","link":"https:\/\/www.europesays.com\/fr\/359812\/","title":{"rendered":"Ancien pilote de F1, Tarso Marques, arr\u00eat\u00e9 dans un scandale choquant de voitures de luxe au Br\u00e9sil !"},"content":{"rendered":"<p><strong>Arrestation choquante de l\u2019ancien star de F1 Tarso Marques au Br\u00e9sil !<\/strong><\/p>\n<p>Dans un tournant d\u2019\u00e9v\u00e9nements stup\u00e9fiant, Tarso Marques, l\u2019ancien partenaire de l\u2019\u00e9quipe premi\u00e8re de la l\u00e9gende de la course Fernando Alonso, se retrouve dans une situation pr\u00e9caire apr\u00e8s avoir \u00e9t\u00e9 arr\u00eat\u00e9 au Br\u00e9sil ! Le pilote de Formule 1 de 49 ans a \u00e9t\u00e9 appr\u00e9hend\u00e9 alors qu\u2019il circulait dans les rues de S\u00e3o Paulo \u00e0 bord d\u2019une luxueuse Lamborghini Gallardo \u2014 un v\u00e9hicule \u00e9poustouflant qui manquait notablement de plaques d\u2019immatriculation.<\/p>\n<p>Les autorit\u00e9s ont rapidement agi lors de contr\u00f4les de routine, d\u00e9couvrant une \u00ab\u00a0dette accumul\u00e9e de 1,3 million de r\u00e9ais br\u00e9siliens\u00a0\u00bb associ\u00e9e \u00e0 la voiture de sport haut de gamme. Cette r\u00e9v\u00e9lation choquante a laiss\u00e9 de nombreux fans de course et admirateurs de Marques perplexes !<\/p>\n<p>Marques, qui a fait ses d\u00e9buts en F1 en 2001 avec l\u2019\u00e9quipe Minardi, n\u2019\u00e9tait pas \u00e9tranger aux pressions de la course professionnelle. Lors d\u2019une saison qui lierait \u00e0 jamais son nom \u00e0 celui d\u2019Alonso, Marques a r\u00e9ussi \u00e0 terminer devant le double champion du monde au classement, bien que de justesse, puisque les deux pilotes ont termin\u00e9 la saison sans marquer de points. Ses meilleures performances ont \u00e9t\u00e9 une honorable neuvi\u00e8me place au Br\u00e9sil et au Canada, tandis que le meilleur r\u00e9sultat d\u2019Alonso \u00e9tait une modeste dixi\u00e8me place en Allemagne.<\/p>\n<p>Apr\u00e8s une seule saison sous les projecteurs, Marques a perdu son si\u00e8ge pour la saison 2002 mais a continu\u00e9 \u00e0 jouer un r\u00f4le au sein de l\u2019\u00e9quipe Minardi en tant que pilote de r\u00e9serve et d\u2019essai. Finalement, il a fait la transition vers les courses de stock car br\u00e9siliennes, avec sa derni\u00e8re apparition comp\u00e9titive enregistr\u00e9e en 2018.<\/p>\n<p>Cette arrestation marque un chapitre dramatique dans la vie d\u2019un pilote qui a autrefois partag\u00e9 la piste avec l\u2019un des plus grands talents de la Formule 1. Les fans se demandent maintenant ce que cela signifie pour Marques et comment cet incident affectera son h\u00e9ritage dans le monde du sport automobile. L\u2019intrigue s\u2019\u00e9paissit !<\/p>\n","protected":false},"excerpt":{"rendered":"Arrestation choquante de l\u2019ancien star de F1 Tarso Marques au Br\u00e9sil ! Dans un tournant d\u2019\u00e9v\u00e9nements stup\u00e9fiant, Tarso&hellip;\n","protected":false},"author":2,"featured_media":26419,"comment_status":"","ping_status":"","sticky":false,"template":"","format":"standard","meta":{"footnotes":""},"categories":[1412],"tags":[47015,1451,1710,1452,1453,1454,1455,1011,27,49530,60,49531],"class_list":{"0":"post-359812","1":"post","2":"type-post","3":"status-publish","4":"format-standard","5":"has-post-thumbnail","7":"category-f1","8":"tag-1958-formula-1-season","9":"tag-f1","10":"tag-fernando-alonso","11":"tag-formula-1","12":"tag-formula1","13":"tag-formule-1","14":"tag-formule1","15":"tag-fr","16":"tag-france","17":"tag-giancarlo-minardi","18":"tag-sports","19":"tag-tarso-marques"},"share_on_mastodon":{"url":"https:\/\/pubeurope.com\/@fr\/115132552000289428","error":""},"_links":{"self":[{"href":"https:\/\/www.europesays.com\/fr\/wp-json\/wp\/v2\/posts\/359812","targetHints":{"allow":["GET"]}}],"collection":[{"href":"https:\/\/www.europesays.com\/fr\/wp-json\/wp\/v2\/posts"}],"about":[{"href":"https:\/\/www.europesays.com\/fr\/wp-json\/wp\/v2\/types\/post"}],"author":[{"embeddable":true,"href":"https:\/\/www.europesays.com\/fr\/wp-json\/wp\/v2\/users\/2"}],"replies":[{"embeddable":true,"href":"https:\/\/www.europesays.com\/fr\/wp-json\/wp\/v2\/comments?post=359812"}],"version-history":[{"count":0,"href":"https:\/\/www.europesays.com\/fr\/wp-json\/wp\/v2\/posts\/359812\/revisions"}],"wp:featuredmedia":[{"embeddable":true,"href":"https:\/\/www.europesays.com\/fr\/wp-json\/wp\/v2\/media\/26419"}],"wp:attachment":[{"href":"https:\/\/www.europesays.com\/fr\/wp-json\/wp\/v2\/media?parent=359812"}],"wp:term":[{"taxonomy":"category","embeddable":true,"href":"https:\/\/www.europesays.com\/fr\/wp-json\/wp\/v2\/categories?post=359812"},{"taxonomy":"post_tag","embeddable":true,"href":"https:\/\/www.europesays.com\/fr\/wp-json\/wp\/v2\/tags?post=359812"}],"curies":[{"name":"wp","href":"https:\/\/api.w.org\/{rel}","templated":true}]}}