{"id":359815,"date":"2025-09-02T03:22:11","date_gmt":"2025-09-02T03:22:11","guid":{"rendered":"https:\/\/www.europesays.com\/fr\/359815\/"},"modified":"2025-09-02T03:22:11","modified_gmt":"2025-09-02T03:22:11","slug":"officiel-un-defenseur-rejoint-lille","status":"publish","type":"post","link":"https:\/\/www.europesays.com\/fr\/359815\/","title":{"rendered":"officiel, un d\u00e9fenseur rejoint Lille"},"content":{"rendered":"<p><strong>Un d\u00e9fenseur en fin de contrat \u00e0 l\u2019Olympique de Marseille reste en Ligue 1 fran\u00e7aise, apr\u00e8s avoir rejoint Lille.<\/strong><\/p>\n<p><a href=\"https:\/\/www.les-transferts.com\/joueur\/nolan-mbemba\/\" target=\"_blank\" rel=\"noreferrer noopener nofollow\">Chancel Mbemba<\/a> poursuit son aventure dans le championnat fran\u00e7ais. Apr\u00e8s la fin de son aventure \u00e0 <a href=\"https:\/\/www.les-transferts.com\/club\/marseille\/actualite\/\" rel=\"nofollow noopener\" target=\"_blank\">Marseille<\/a>, le d\u00e9fenseur congolais signe un contrat \u00e0 <a href=\"https:\/\/www.les-transferts.com\/club\/lille\/\" target=\"_blank\" rel=\"noreferrer noopener nofollow\">Lille<\/a>.<\/p>\n<p>\u00ab\u00a0Cadre de l\u2019\u00e9quipe nationale de la RD Congo, Chancel Mbemba (31 ans) est un Dogue. Le d\u00e9fenseur central pass\u00e9 notamment par Anderlecht, <a href=\"https:\/\/www.les-transferts.com\/club\/newcastle\/\" target=\"_blank\" rel=\"noreferrer noopener nofollow\">Newcastle<\/a>, Porto et Marseille s\u2019est engag\u00e9 librement avec le LOSC pour une dur\u00e9e d\u2019une saison.\u00a0\u00bb, a \u00e9crit Lille.<\/p>\n<p><strong>Chancel a d\u00e9couvert la Ligue 1 avec l\u2019Olympique de Marseille en 2022<\/strong>. Le d\u00e9fenseur y a r\u00e9alis\u00e9 trois saisons, faisant <strong>85 apparitions<\/strong>, toutes comp\u00e9titions confondues.<\/p>\n<p>Premier fan des \u00e9quipes adverses du Bar\u00e7a, je suis un passionn\u00e9 des rivalit\u00e9s entre clubs. Ancien pr\u00e9sentateur de news et d\u2019\u00e9missions sportives, je fais partie des milliers de journalistes amoureux du foot qui s\u2019efforcent d\u2019\u00eatre objectifs dans le traitement des informations.<\/p>\n","protected":false},"excerpt":{"rendered":"Un d\u00e9fenseur en fin de contrat \u00e0 l\u2019Olympique de Marseille reste en Ligue 1 fran\u00e7aise, apr\u00e8s avoir rejoint&hellip;\n","protected":false},"author":2,"featured_media":359816,"comment_status":"","ping_status":"","sticky":false,"template":"","format":"standard","meta":{"footnotes":""},"categories":[1410],"tags":[63,1011,27,60],"class_list":{"0":"post-359815","1":"post","2":"type-post","3":"status-publish","4":"format-standard","5":"has-post-thumbnail","7":"category-football","8":"tag-football","9":"tag-fr","10":"tag-france","11":"tag-sports"},"share_on_mastodon":{"url":"https:\/\/pubeurope.com\/@fr\/115132559757182204","error":""},"_links":{"self":[{"href":"https:\/\/www.europesays.com\/fr\/wp-json\/wp\/v2\/posts\/359815","targetHints":{"allow":["GET"]}}],"collection":[{"href":"https:\/\/www.europesays.com\/fr\/wp-json\/wp\/v2\/posts"}],"about":[{"href":"https:\/\/www.europesays.com\/fr\/wp-json\/wp\/v2\/types\/post"}],"author":[{"embeddable":true,"href":"https:\/\/www.europesays.com\/fr\/wp-json\/wp\/v2\/users\/2"}],"replies":[{"embeddable":true,"href":"https:\/\/www.europesays.com\/fr\/wp-json\/wp\/v2\/comments?post=359815"}],"version-history":[{"count":0,"href":"https:\/\/www.europesays.com\/fr\/wp-json\/wp\/v2\/posts\/359815\/revisions"}],"wp:featuredmedia":[{"embeddable":true,"href":"https:\/\/www.europesays.com\/fr\/wp-json\/wp\/v2\/media\/359816"}],"wp:attachment":[{"href":"https:\/\/www.europesays.com\/fr\/wp-json\/wp\/v2\/media?parent=359815"}],"wp:term":[{"taxonomy":"category","embeddable":true,"href":"https:\/\/www.europesays.com\/fr\/wp-json\/wp\/v2\/categories?post=359815"},{"taxonomy":"post_tag","embeddable":true,"href":"https:\/\/www.europesays.com\/fr\/wp-json\/wp\/v2\/tags?post=359815"}],"curies":[{"name":"wp","href":"https:\/\/api.w.org\/{rel}","templated":true}]}}