{"id":359817,"date":"2025-09-02T03:23:10","date_gmt":"2025-09-02T03:23:10","guid":{"rendered":"https:\/\/www.europesays.com\/fr\/359817\/"},"modified":"2025-09-02T03:23:10","modified_gmt":"2025-09-02T03:23:10","slug":"hanouna-et-sa-bande-a-loffensive-sur-w9-sur-un-air-de-deja-vu-actualites","status":"publish","type":"post","link":"https:\/\/www.europesays.com\/fr\/359817\/","title":{"rendered":"Hanouna et sa bande \u00e0 l&rsquo;offensive sur W9, sur un air de d\u00e9j\u00e0 vu : Actualit\u00e9s"},"content":{"rendered":"<p class=\"lead \">Avec de la \u00ab\u00a0folie\u00a0\u00bb et du rire, Cyril Hanouna a fait lundi un retour en direct \u00e0 la t\u00e9l\u00e9, sur W9 dans \u00ab\u00a0Tout beau tout 9\u00a0\u00bb, retrouvant souvent le ton querelleur de son ancienne \u00e9mission sur C8.<\/p>\n<p class=\"lead \">Applaudi par des spectateurs mass\u00e9s derri\u00e8re des grilles, la star du PAF a foul\u00e9 un tapis rouge menant aux studios de tournage.<\/p>\n<p class=\"lead \">\u00ab\u00a0Ca va \u00eatre de la folie\u00a0\u00bb et \u00ab\u00a0les ch\u00e9ris, vous m&rsquo;avez manqu\u00e9\u00a0\u00bb, a lanc\u00e9 l&rsquo;animateur et producteur du programme, apr\u00e8s plusieurs mois de relative di\u00e8te m\u00e9diatique. <\/p>\n<p class=\"lead \">\u00ab\u00a0Sobri\u00e9t\u00e9, humilit\u00e9\u00a0\u00bb: Cyril Hanouna a donn\u00e9 la tonalit\u00e9 voulue de ces pr\u00e8s de trois heures d&rsquo;\u00e9mission, dans un sourire. Il n&rsquo;en a rien \u00e9t\u00e9. <\/p>\n<p class=\"lead \">\u00ab\u00a0J&rsquo;ai tout mis dans le d\u00e9cor\u00a0\u00bb, a-t-il assur\u00e9 peu apr\u00e8s, debout au centre d&rsquo;un plateau rutilant et entour\u00e9 du public, dans un dispositif identique \u00e0 son \u00e9mission pass\u00e9e TPMP sur la cha\u00eene C8.<\/p>\n<p class=\"lead \">Le groupe M6 auquel appartient W9 a demand\u00e9 au roi du clash de privil\u00e9gier le divertissement, et d&rsquo;\u00e9viter les sujets politiques et pol\u00e9miques qu&rsquo;il abordait alors.<\/p>\n<p class=\"lead \">&#8211; Pas de diff\u00e9r\u00e9 &#8211;<\/p>\n<p class=\"lead \">\u00ab\u00a0Tout beau tout 9\u00a0\u00bb (\u00ab\u00a0TBT9\u00a0\u00bb) a d\u00e9marr\u00e9 en direct, et non avec un l\u00e9ger diff\u00e9r\u00e9 comme envisag\u00e9, par pr\u00e9caution.<\/p>\n<p class=\"lead \">Une vingtaine de chroniqueurs, qui vont tourner en plateau, ont \u00e9t\u00e9 pr\u00e9sent\u00e9s, dont nombre d&rsquo;anciens de C8: Val\u00e9rie Bena\u00efm, Raymond Aabou, G\u00e9raldine Maillet, et encore Jordan De Luxe.<\/p>\n<p class=\"lead \">Parmi les nouvelles t\u00eates, figurent l&rsquo;ex-ministre Marl\u00e8ne Schiappa, l&rsquo;animateur sportif Nelson Monfort, ou les journalistes Shana Loustau, venue de CNews, Damien Canivez du Figaro et Amaury Bucco de Valeurs actuelles.<\/p>\n<p class=\"lead \">Sur le plateau, Cyril Hanouna a retrouv\u00e9 son humour potache et son vocabulaire fleuri, en retenant parfois ses coups. \u00ab\u00a0Ne me demandez pas mon avis, je ne suis pas l\u00e0 pour \u00e7a\u00a0\u00bb, a-t-il notamment l\u00e2ch\u00e9.  <\/p>\n<p class=\"lead \">Les \u00e9changes se sont anim\u00e9s lors d&rsquo;une s\u00e9quence \u00ab\u00a0J&rsquo;ai mat\u00e9, j&rsquo;ai zapp\u00e9?\u00a0\u00bb portant sur le retour du jeu \u00ab\u00a0Intervilles\u00a0\u00bb cet \u00e9t\u00e9 sur France 2. \u00ab\u00a0Une mauvaise kermesse de village\u00a0\u00bb, a \u00e9pingl\u00e9 Gilles Verdez, \u00e0 l&rsquo;unisson de la plupart des chroniqueurs.<\/p>\n<p class=\"lead \">Un d\u00e9bat sur l&rsquo;interview t\u00e9l\u00e9vis\u00e9e dimanche du Premier ministre Fran\u00e7ois Bayrou a donn\u00e9 lieu au m\u00eame quasi unanimisme critique. Seule voix dissonante, G\u00e9raldine Maillet a \u00e9voqu\u00e9 une \u00ab\u00a0piscine de d\u00e9magogie\u00a0\u00bb l&rsquo;entourant.<\/p>\n<p class=\"lead \">&#8211; \u00ab\u00a0T&rsquo;es encore l\u00e0\u00a0\u00bb &#8211;<\/p>\n<p class=\"lead \">\u00ab\u00a0TBT9\u00a0\u00bb, avec des rubriques people ou actualit\u00e9 comme dans TPMP, a eu parmi ses premiers parrains l&rsquo;animateur Vincent Lagaf&rsquo; et l&rsquo;acteur Gad Elmaleh, par t\u00e9l\u00e9phone.<\/p>\n<p class=\"lead \">\u00ab\u00a0Le nombre d&#8217;emmerdes que tu as pu avoir avec les autorit\u00e9s! Et t&rsquo;es encore l\u00e0!\u00a0\u00bb, a lanc\u00e9 Lagaf&rsquo; \u00e0 l&rsquo;ex-vedette de la galaxie Bollor\u00e9. <\/p>\n<p class=\"lead \">\u00ab\u00a0La darka (rigolade en arabe, ndlr) revient\u00a0\u00bb, a salu\u00e9 Gad Elmaleh. <\/p>\n<p class=\"lead \">Cyril Hanouna, aux manettes pendant 15 ans de l&rsquo;\u00e9mission \u00ab\u00a0Touche pas \u00e0 mon poste\u00a0\u00bb (TPMP), officiait jusque fin f\u00e9vrier sur C8 &#8211; il avait poursuivi l&rsquo;\u00e9mission en mars en ligne.<\/p>\n<p class=\"lead \">La cha\u00eene, qui a cumul\u00e9 7,6 millions d&rsquo;euros d&rsquo;amende \u00e0 cause de ses d\u00e9rapages, a cess\u00e9 d&rsquo;\u00e9mettre apr\u00e8s le non-renouvellement de sa fr\u00e9quence par l&rsquo;Arcom, le r\u00e9gulateur de l&rsquo;audiovisuel.<\/p>\n<p class=\"lead \">Dans \u00ab\u00a0TBT9\u00a0\u00bb lundi, l&rsquo;humoriste Samuel Bambi a jou\u00e9 le personnage de \u00ab\u00a0G\u00e9rard L&rsquo;Arcom\u00a0\u00bb et assur\u00e9 devant un Cyril Hanouna hilare que sur le canal 9, \u00ab\u00a0c&rsquo;est que l&rsquo;amour\u00a0\u00bb.<\/p>\n<p class=\"lead \">\u00ab\u00a0Il a gard\u00e9 la m\u00eame ambiance, il a la m\u00eame prestance, et est rest\u00e9 lui-m\u00eame\u00a0\u00bb, a d\u00e9clar\u00e9 \u00e0 l&rsquo;AFP au sortir de l&rsquo;\u00e9mission Nicolas Caffin, 27 ans, un habitu\u00e9 en fauteuil roulant. <\/p>\n<p class=\"lead \">L&rsquo;\u00e9mission de mardi aura comme invit\u00e9 Patrick S\u00e9bastien, qui a connu une pol\u00e9mique cet \u00e9t\u00e9 apr\u00e8s une exhibition sexuelle lors d&rsquo;un de ses spectacles. <\/p>\n<p class=\"lead \">Ancien de TPMP, Matthieu Delormeau sera \u00e9galement pr\u00e9sent et a annonc\u00e9 la couleur lundi: \u00ab\u00a0J&rsquo;ai v\u00e9cu la prison, les cit\u00e9s, les dealers\u00a0\u00bb, \u00ab\u00a0je vais tout raconter\u00a0\u00bb.  <\/p>\n<p class=\"lead \">Le patron de M6, David Larramendy, qui a frapp\u00e9 fort avec le recrutement de \u00ab\u00a0Baba\u00a0\u00bb, surnom de Cyril Hanouna, compte gonfler et rajeunir les audiences, alors que TPMP, devenue l&rsquo;une des \u00e9missions les plus populaires de France, rassemblait quelque 2 millions de t\u00e9l\u00e9spectateurs. <\/p>\n<p class=\"lead \">Le trublion aura un autre pied dans le groupe, avec \u00e0 partir de mardi \u00ab\u00a0Tout beau tout fun\u00a0\u00bb, sur Fun Radio de 15h00 \u00e0 18h00. Cela fait un total de plus de six heures quotidiennes, dans des studios voisins.<\/p>\n","protected":false},"excerpt":{"rendered":"Avec de la \u00ab\u00a0folie\u00a0\u00bb et du rire, Cyril Hanouna a fait lundi un retour en direct \u00e0 la&hellip;\n","protected":false},"author":2,"featured_media":359818,"comment_status":"","ping_status":"","sticky":false,"template":"","format":"standard","meta":{"footnotes":""},"categories":[1359],"tags":[1971,58,59,1011,27,310,9555,973,1825,9556],"class_list":{"0":"post-359817","1":"post","2":"type-post","3":"status-publish","4":"format-standard","5":"has-post-thumbnail","7":"category-people","8":"tag-clbrits","9":"tag-divertissement","10":"tag-entertainment","11":"tag-fr","12":"tag-france","13":"tag-internet","14":"tag-mdias","15":"tag-people","16":"tag-radio","17":"tag-tlvision"},"share_on_mastodon":{"url":"https:\/\/pubeurope.com\/@fr\/115132563664228549","error":""},"_links":{"self":[{"href":"https:\/\/www.europesays.com\/fr\/wp-json\/wp\/v2\/posts\/359817","targetHints":{"allow":["GET"]}}],"collection":[{"href":"https:\/\/www.europesays.com\/fr\/wp-json\/wp\/v2\/posts"}],"about":[{"href":"https:\/\/www.europesays.com\/fr\/wp-json\/wp\/v2\/types\/post"}],"author":[{"embeddable":true,"href":"https:\/\/www.europesays.com\/fr\/wp-json\/wp\/v2\/users\/2"}],"replies":[{"embeddable":true,"href":"https:\/\/www.europesays.com\/fr\/wp-json\/wp\/v2\/comments?post=359817"}],"version-history":[{"count":0,"href":"https:\/\/www.europesays.com\/fr\/wp-json\/wp\/v2\/posts\/359817\/revisions"}],"wp:featuredmedia":[{"embeddable":true,"href":"https:\/\/www.europesays.com\/fr\/wp-json\/wp\/v2\/media\/359818"}],"wp:attachment":[{"href":"https:\/\/www.europesays.com\/fr\/wp-json\/wp\/v2\/media?parent=359817"}],"wp:term":[{"taxonomy":"category","embeddable":true,"href":"https:\/\/www.europesays.com\/fr\/wp-json\/wp\/v2\/categories?post=359817"},{"taxonomy":"post_tag","embeddable":true,"href":"https:\/\/www.europesays.com\/fr\/wp-json\/wp\/v2\/tags?post=359817"}],"curies":[{"name":"wp","href":"https:\/\/api.w.org\/{rel}","templated":true}]}}