{"id":359819,"date":"2025-09-02T03:24:30","date_gmt":"2025-09-02T03:24:30","guid":{"rendered":"https:\/\/www.europesays.com\/fr\/359819\/"},"modified":"2025-09-02T03:24:30","modified_gmt":"2025-09-02T03:24:30","slug":"pour-le-louvre-un-grand-projet-a-creuser","status":"publish","type":"post","link":"https:\/\/www.europesays.com\/fr\/359819\/","title":{"rendered":"Pour le Louvre, un grand projet \u00e0 creuser"},"content":{"rendered":"<p>La consultation d\u2019architectes &#8211;\u00a0avec date limite de r\u00e9ception des candidatures ce 1er septembre &#8211;\u00a0est lanc\u00e9e pour le \u00ab Louvre Nouvelle\u00a0Renaissance\u00bb imagin\u00e9 par Laurence des Cars et Emmanuel Macron. Un chantier complexe, avec une large partie en sous-\u0153uvre dans la Cour carr\u00e9e.<\/p>\n<p>C\u2019est une id\u00e9e qui travaille Laurence des Cars depuis son arriv\u00e9e \u00e0 la t\u00eate du Louvre\u00a0: sortir du \u00ab\u00a0dogme de l\u2019entr\u00e9e unique\u00a0\u00bb, comme elle le confiait au Monde peu apr\u00e8s sa nomination en d\u00e9cembre 2021. L\u2019id\u00e9e a d\u00e9sormais fait son chemin, jusqu\u2019au pr\u00e9sident de la R\u00e9publique, qui aura mis quelques ann\u00e9es \u00e0 se l\u2019approprier. Lors d\u2019une conf\u00e9rence de presse en janvier dernier, il d\u00e9voilait les contours d\u2019une \u00ab Nouvelle renaissance\u00a0\u00bb pour le mus\u00e9e. Cet immense chantier fait d\u00e9sormais l\u2019objet d\u2019une consultation lanc\u00e9e au mois de juin, et a un budget pr\u00e9visionnel de 135 millions d\u2019euros.<\/p>\n<p>Renouer avec la colonnade<\/p>\n<p>Cet investissement in\u00e9dit depuis le \u00ab\u00a0Grand Louvre\u00a0\u00bb de Ieoh Ming Pei doit r\u00e9pondre \u00e0 plusieurs probl\u00e9matiques\u00a0: d\u00e9sengorger la pyramide con\u00e7ue par l\u2019architecte chinois, ouvrir le mus\u00e9e sur la ville, redonner un peu de noblesse \u00e0 la grande colonnade \u2013<strong> <\/strong>con\u00e7ue au XVIIe si\u00e8cle par Louis XIV et Claude Perrault comme\u2026<\/p>\n","protected":false},"excerpt":{"rendered":"La consultation d\u2019architectes &#8211;\u00a0avec date limite de r\u00e9ception des candidatures ce 1er septembre &#8211;\u00a0est lanc\u00e9e pour le \u00ab&hellip;\n","protected":false},"author":2,"featured_media":359820,"comment_status":"","ping_status":"","sticky":false,"template":"","format":"standard","meta":{"footnotes":""},"categories":[1358],"tags":[1348,1384,1385,1386,58,1073,59,1011,27,49533,49532,11274,7107],"class_list":{"0":"post-359819","1":"post","2":"type-post","3":"status-publish","4":"format-standard","5":"has-post-thumbnail","7":"category-arts-et-design","8":"tag-arts","9":"tag-arts-and-design","10":"tag-arts-et-design","11":"tag-design","12":"tag-divertissement","13":"tag-emmanuel-macron","14":"tag-entertainment","15":"tag-fr","16":"tag-france","17":"tag-francois-chatillon","18":"tag-laurence-des-cars","19":"tag-louvre","20":"tag-musees"},"share_on_mastodon":{"url":"https:\/\/pubeurope.com\/@fr\/115132567576643974","error":""},"_links":{"self":[{"href":"https:\/\/www.europesays.com\/fr\/wp-json\/wp\/v2\/posts\/359819","targetHints":{"allow":["GET"]}}],"collection":[{"href":"https:\/\/www.europesays.com\/fr\/wp-json\/wp\/v2\/posts"}],"about":[{"href":"https:\/\/www.europesays.com\/fr\/wp-json\/wp\/v2\/types\/post"}],"author":[{"embeddable":true,"href":"https:\/\/www.europesays.com\/fr\/wp-json\/wp\/v2\/users\/2"}],"replies":[{"embeddable":true,"href":"https:\/\/www.europesays.com\/fr\/wp-json\/wp\/v2\/comments?post=359819"}],"version-history":[{"count":0,"href":"https:\/\/www.europesays.com\/fr\/wp-json\/wp\/v2\/posts\/359819\/revisions"}],"wp:featuredmedia":[{"embeddable":true,"href":"https:\/\/www.europesays.com\/fr\/wp-json\/wp\/v2\/media\/359820"}],"wp:attachment":[{"href":"https:\/\/www.europesays.com\/fr\/wp-json\/wp\/v2\/media?parent=359819"}],"wp:term":[{"taxonomy":"category","embeddable":true,"href":"https:\/\/www.europesays.com\/fr\/wp-json\/wp\/v2\/categories?post=359819"},{"taxonomy":"post_tag","embeddable":true,"href":"https:\/\/www.europesays.com\/fr\/wp-json\/wp\/v2\/tags?post=359819"}],"curies":[{"name":"wp","href":"https:\/\/api.w.org\/{rel}","templated":true}]}}