{"id":359821,"date":"2025-09-02T03:25:10","date_gmt":"2025-09-02T03:25:10","guid":{"rendered":"https:\/\/www.europesays.com\/fr\/359821\/"},"modified":"2025-09-02T03:25:10","modified_gmt":"2025-09-02T03:25:10","slug":"balma-une-foire-aux-livres-pour-amnesty-international","status":"publish","type":"post","link":"https:\/\/www.europesays.com\/fr\/359821\/","title":{"rendered":"Balma. Une foire aux livres pour Amnesty International"},"content":{"rendered":"<p>Du vendredi 26 au dimanche 28 septembre, la salle du Calvel \u00e0 Balma accueillera la nouvelle \u00e9dition de la foire aux livres d\u2019Amnesty International.<\/p>\n<p>Depuis plus de 39 ans \u00e0 m\u00eame p\u00e9riode, la section d\u2019Amnesty International, r\u00e9unissant ses antennes de Balma et Saint-Orens, propose une vaste s\u00e9lection d\u2019ouvrages \u00e0 petits prix : romans, recueils, biographies et autres livres historiques.<\/p>\n<p>Cet \u00e9v\u00e9nement n\u2019est pas uniquement une occasion pour les amateurs de lecture de d\u00e9nicher des tr\u00e9sors litt\u00e9raires \u00e0 tarifs modiques, elle repr\u00e9sente d\u2019abord une initiative solidaire. L\u2019ONG, qui ne b\u00e9n\u00e9ficie d\u2019aucune subvention publique, repose enti\u00e8rement sur la g\u00e9n\u00e9rosit\u00e9 de ses sympathisants. Des ressources n\u00e9cessaires au soutien de ses campagnes d\u2019information en faveur des droits humains.<\/p>\n<p>L\u2019association affecte tous les ans un \u00ab\u00a0dossier d\u2019intervention\u00a0\u00bb \u00e0 chacune de ses antennes. Les b\u00e9n\u00e9voles se consacrent \u00e0 la r\u00e9daction de milliers de courriers, exer\u00e7ant une pression continue sur les gouvernements, rappelant la situation des victimes, et d\u00e9montrant ainsi une mobilisation sans rel\u00e2che. Le groupe local agit \u00e9galement en faveur de l\u2019\u00e9ducation aux droits humains aupr\u00e8s des lyc\u00e9ens et coll\u00e9giens, et dans le cadre d\u2019un forum annuel des droits de l\u2019Enfant.<\/p>\n<p>Foire aux livres d\u2019Amnesty International : vendredi 26 septembre de 14 \u00e0 18 heures, samedi 27 septembre de 10 \u00e0 18 heures et dimanche 28 septembre de 10 \u00e0 18 heures. Salle du Calvel : 63 avenue Saint-Martin-de-Boville \u00e0 Balma. Entr\u00e9e libre.<\/p>\n","protected":false},"excerpt":{"rendered":"Du vendredi 26 au dimanche 28 septembre, la salle du Calvel \u00e0 Balma accueillera la nouvelle \u00e9dition de&hellip;\n","protected":false},"author":2,"featured_media":359822,"comment_status":"","ping_status":"","sticky":false,"template":"","format":"standard","meta":{"footnotes":""},"categories":[1357],"tags":[1379,58,59,1011,27,1380],"class_list":{"0":"post-359821","1":"post","2":"type-post","3":"status-publish","4":"format-standard","5":"has-post-thumbnail","7":"category-livres","8":"tag-books","9":"tag-divertissement","10":"tag-entertainment","11":"tag-fr","12":"tag-france","13":"tag-livres"},"share_on_mastodon":{"url":"https:\/\/pubeurope.com\/@fr\/115132571562551853","error":""},"_links":{"self":[{"href":"https:\/\/www.europesays.com\/fr\/wp-json\/wp\/v2\/posts\/359821","targetHints":{"allow":["GET"]}}],"collection":[{"href":"https:\/\/www.europesays.com\/fr\/wp-json\/wp\/v2\/posts"}],"about":[{"href":"https:\/\/www.europesays.com\/fr\/wp-json\/wp\/v2\/types\/post"}],"author":[{"embeddable":true,"href":"https:\/\/www.europesays.com\/fr\/wp-json\/wp\/v2\/users\/2"}],"replies":[{"embeddable":true,"href":"https:\/\/www.europesays.com\/fr\/wp-json\/wp\/v2\/comments?post=359821"}],"version-history":[{"count":0,"href":"https:\/\/www.europesays.com\/fr\/wp-json\/wp\/v2\/posts\/359821\/revisions"}],"wp:featuredmedia":[{"embeddable":true,"href":"https:\/\/www.europesays.com\/fr\/wp-json\/wp\/v2\/media\/359822"}],"wp:attachment":[{"href":"https:\/\/www.europesays.com\/fr\/wp-json\/wp\/v2\/media?parent=359821"}],"wp:term":[{"taxonomy":"category","embeddable":true,"href":"https:\/\/www.europesays.com\/fr\/wp-json\/wp\/v2\/categories?post=359821"},{"taxonomy":"post_tag","embeddable":true,"href":"https:\/\/www.europesays.com\/fr\/wp-json\/wp\/v2\/tags?post=359821"}],"curies":[{"name":"wp","href":"https:\/\/api.w.org\/{rel}","templated":true}]}}