{"id":359823,"date":"2025-09-02T03:26:18","date_gmt":"2025-09-02T03:26:18","guid":{"rendered":"https:\/\/www.europesays.com\/fr\/359823\/"},"modified":"2025-09-02T03:26:18","modified_gmt":"2025-09-02T03:26:18","slug":"cyril-hanouna-partage-des-regrets-concernant-sa-relation-avec-thierry-ardisson-et-lui-rend-hommage-dans-tout-beau-tout-neuf","status":"publish","type":"post","link":"https:\/\/www.europesays.com\/fr\/359823\/","title":{"rendered":"Cyril Hanouna partage des regrets concernant sa relation avec Thierry Ardisson et lui rend hommage dans Tout beau, tout neuf"},"content":{"rendered":"<p>Lors de la premi\u00e8re de Tout beau, tout neuf sur W9, Cyril Hanouna a rendu hommage \u00e0 Thierry Ardisson, qui nous a quitt\u00e9s le 14 juillet dernier apr\u00e8s une bataille contre le cancer. L&rsquo;animateur a exprim\u00e9 ses regrets concernant sa relation compliqu\u00e9e avec l&rsquo;\u00e9poux d&rsquo;Audrey Crespo-Mara.<\/p>\n<p>Ce lundi 1er septembre, <a href=\"https:\/\/www.programme-tv.net\/news\/tv\/384931-tout-beau-tout-9-date-de-diffusion-chroniqueurs-concept-les-premieres-infos-sur-lemission-de-cyril-hanouna-sur-w9\/\" data-api-deeplink=\"teleloisirs:\/\/news\/384931\" target=\"_blank\" rel=\"noopener\">les t\u00e9l\u00e9spectateurs ont enfin retrouv\u00e9 Cyril Hanouna sur W9<\/a>. De retour avec une nouvelle \u00e9mission de divertissement, Tout beau, tout neuf , l&rsquo;animateur a tenu \u00e0 rendre hommage \u00e0 une figure embl\u00e9matique de la t\u00e9l\u00e9vision qui nous a quitt\u00e9s cet \u00e9t\u00e9, <a href=\"https:\/\/www.programme-tv.net\/biographie\/1519-ardisson-thierry\/\" data-link-people=\"9d339ec5-da4d-4259-a6f7-1eeac8d6c69f\" target=\"_blank\" rel=\"noopener\">Thierry Ardisson<\/a>. L&rsquo;homme en noir est d\u00e9c\u00e9d\u00e9 le lundi 14 juillet 2025 apr\u00e8s une bataille contre le cancer. \u00ab\u00a0Thierry est parti comme il a v\u00e9cu. En homme courageux et libre. Avec ses enfants et les miens, nous \u00e9tions unis autour de lui. Jusqu\u2019\u00e0 son dernier souffle\u00a0\u00bb, avait annonc\u00e9 son \u00e9pouse Audrey Crespo-Mara<a href=\"https:\/\/www.programme-tv.net\/news\/people\/386430-apres-les-obseques-javais-deux-choix-audrey-crespo-mara-explique-pourquoi-elle-a-si-vite-repris-le-jt-apres-la-mort-de-thierry-ardisson\/\" data-api-deeplink=\"teleloisirs:\/\/news\/386430\" target=\"_blank\" rel=\"noopener\">, qui a souhait\u00e9 reprendre rapidement la pr\u00e9sentation du JT de TF1 apr\u00e8s sa mort<\/a>. D\u00e9j\u00e0 sur X, Cyril Hanouna avait rendu hommage \u00e0 son confr\u00e8re. \u00ab\u00a0Quoiqu&rsquo;il soit arriv\u00e9 entre nous. Quoiqu&rsquo;il se soit dit. Thierry Ardisson restera un des plus grands de la t\u00e9l\u00e9vision fran\u00e7aise. On ne peut que saluer sa carri\u00e8re de dingue qu&rsquo;on l&rsquo;aime ou pas. Et aujourd&rsquo;hui, on est tous en noir pour l&rsquo;homme en noir. Rip Thierry\u00a0\u00bb, avait-il \u00e9crit.<\/p>\n<p>                        Cyril Hanouna rend hommage \u00e0 Thierry Ardisson dans Tout beau, tout neuf sur W9<\/p>\n<p>En direct de W9, Cyril Hanouna a salu\u00e9 la m\u00e9moire de Thierry Adrisson. \u00ab\u00a0Il s&rsquo;est pass\u00e9 quand m\u00eame un truc cet \u00e9t\u00e9. Thierry Ardisson nous a quitt\u00e9s. C&rsquo;est vrai qu&rsquo;on avait des relations compliqu\u00e9es Thierry Ardisson et moi. On s&rsquo;entendait tr\u00e8s tr\u00e8s bien au d\u00e9part et apr\u00e8s \u00e7a a \u00e9t\u00e9 un petit peu compliqu\u00e9 tous les deux\u00a0\u00bb, a-t-il abord\u00e9 le sujet. <b>\u00ab\u00a0Quand il est parti, \u00e7a m&rsquo;a beaucoup pein\u00e9 parce que mine de rien, je l&rsquo;aimais beaucoup en vrai\u00a0\u00bb<\/b>, a confi\u00e9 l&rsquo;animateur de Tout beau, tout neuf \u2013 <a href=\"https:\/\/www.programme-tv.net\/news\/tv\/386582-tout-beau-tout-neuf-voici-tous-les-chroniqueurs-de-l-emission-photos\/\" data-api-deeplink=\"teleloisirs:\/\/news\/386582\" target=\"_blank\" rel=\"noopener\">d\u00e9couvrez tous les chroniqueurs de l&rsquo;\u00e9mission<\/a> \u2013, avant d&rsquo;\u00e9voquer sa relation avec le mari d&rsquo;Audrey Crespo-Mara : \u00ab\u00a0M\u00eame si on s&rsquo;en est foutu plein la gueule, c&rsquo;est quelqu&rsquo;un avec qui on a partag\u00e9 des moments dans le groupe Canal. Et comme je l&rsquo;ai dit dans mon message sur Twitter, on peut penser ce qu&rsquo;on veut de lui, c&rsquo;est quand m\u00eame un talent exceptionnel, \u00e7a restera un des immenses talents de la t\u00e9l\u00e9vision.\u00a0\u00bb<\/p>\n<p>            Cyril Hanouna partage ses regrets concernant sa relation avec Thierry Ardisson<\/p>\n<p>Cyril Hanouna a exprim\u00e9 des regrets concernant sa relation avec Thierry Ardisson. \u00ab\u00a0On s&rsquo;est pris la t\u00eate pour rien avec Thierry, sur vraiment des b\u00eatises en plus, un jour j&rsquo;ai dit que je n&rsquo;aimais pas son \u00e9mission, il a dit qu&rsquo;il n&rsquo;aimait pas mon \u00e9mission&#8230;\u00a0\u00bb, a-t-il regrett\u00e9 avant de lui rendre hommage : \u00ab\u00a0J&rsquo;ai une pens\u00e9e pour Thierry Ardisson ce soir pour cette premi\u00e8re de TBT9 m\u00eame si \u00e7a a \u00e9t\u00e9 compliqu\u00e9 entre nous. On se dit vraiment que \u00e7a a \u00e9t\u00e9 des conneries tout \u00e7a.\u00a0\u00bb<\/p>\n","protected":false},"excerpt":{"rendered":"Lors de la premi\u00e8re de Tout beau, tout neuf sur W9, Cyril Hanouna a rendu hommage \u00e0 Thierry&hellip;\n","protected":false},"author":2,"featured_media":359824,"comment_status":"","ping_status":"","sticky":false,"template":"","format":"standard","meta":{"footnotes":""},"categories":[1356],"tags":[244,1083,58,59,1011,27,252,22497,49534,1364,2395,1630],"class_list":{"0":"post-359823","1":"post","2":"type-post","3":"status-publish","4":"format-standard","5":"has-post-thumbnail","7":"category-television","8":"tag-commentaire","9":"tag-cyril-hanouna","10":"tag-divertissement","11":"tag-entertainment","12":"tag-fr","13":"tag-france","14":"tag-television","15":"tag-tout-beau","16":"tag-tout-n9uf","17":"tag-tv","18":"tag-w9","19":"tag-zapping"},"share_on_mastodon":{"url":"https:\/\/pubeurope.com\/@fr\/115132575556028668","error":""},"_links":{"self":[{"href":"https:\/\/www.europesays.com\/fr\/wp-json\/wp\/v2\/posts\/359823","targetHints":{"allow":["GET"]}}],"collection":[{"href":"https:\/\/www.europesays.com\/fr\/wp-json\/wp\/v2\/posts"}],"about":[{"href":"https:\/\/www.europesays.com\/fr\/wp-json\/wp\/v2\/types\/post"}],"author":[{"embeddable":true,"href":"https:\/\/www.europesays.com\/fr\/wp-json\/wp\/v2\/users\/2"}],"replies":[{"embeddable":true,"href":"https:\/\/www.europesays.com\/fr\/wp-json\/wp\/v2\/comments?post=359823"}],"version-history":[{"count":0,"href":"https:\/\/www.europesays.com\/fr\/wp-json\/wp\/v2\/posts\/359823\/revisions"}],"wp:featuredmedia":[{"embeddable":true,"href":"https:\/\/www.europesays.com\/fr\/wp-json\/wp\/v2\/media\/359824"}],"wp:attachment":[{"href":"https:\/\/www.europesays.com\/fr\/wp-json\/wp\/v2\/media?parent=359823"}],"wp:term":[{"taxonomy":"category","embeddable":true,"href":"https:\/\/www.europesays.com\/fr\/wp-json\/wp\/v2\/categories?post=359823"},{"taxonomy":"post_tag","embeddable":true,"href":"https:\/\/www.europesays.com\/fr\/wp-json\/wp\/v2\/tags?post=359823"}],"curies":[{"name":"wp","href":"https:\/\/api.w.org\/{rel}","templated":true}]}}