{"id":359827,"date":"2025-09-02T03:28:23","date_gmt":"2025-09-02T03:28:23","guid":{"rendered":"https:\/\/www.europesays.com\/fr\/359827\/"},"modified":"2025-09-02T03:28:23","modified_gmt":"2025-09-02T03:28:23","slug":"on-sait-quand-ouvre-le-monde-la-reine-des-neiges","status":"publish","type":"post","link":"https:\/\/www.europesays.com\/fr\/359827\/","title":{"rendered":"on sait quand ouvre le monde \u00ab\u00a0La Reine des Neiges\u00a0\u00bb\u00a0!"},"content":{"rendered":"<p>                    <b>L&rsquo;attente touche \u00e0 sa fin. Disneyland Paris a profit\u00e9 de sa convention D23 le week-end dernier pour annoncer la saison d&rsquo;ouverture de son tr\u00e8s attendu monde La Reine des Neiges. Le royaume d&rsquo;Arendelle ouvrira ses portes au printemps 2026, et marquera par la m\u00eame occasion la transformation du parc Walt Disney Studios.<\/b><\/p>\n<p>                                                                                                                                                        <img decoding=\"async\" src=\"https:\/\/www.europesays.com\/fr\/wp-content\/uploads\/2025\/09\/915cd168a6_disneyland-paris-on-sait-quand-ouvre-le-monde-la-reine-des-neiges.webp.webp\" alt=\"Disneyland Paris\u00a0: on sait quand ouvre le monde &quot;La Reine des Neiges&quot;\u00a0!\" width=\"1200\" height=\"471\" loading=\"lazy\"\/>        <\/p>\n<p>Rendez-vous \u00e0 Arendelle au printemps 2026<\/p>\n<p>L&rsquo;annonce \u00e9tait l&rsquo;une des plus attendues de la conf\u00e9rence \u00ab\u00a0Destination D23\u00a0\u00bb. Apr\u00e8s des ann\u00e9es de travaux, la zone th\u00e9matique \u00ab\u00a0World of Frozen\u00a0\u00bb (Le Monde de <a href=\"https:\/\/www.mac4ever.com\/web\/188139-une-spirale-lumineuse-traverse-le-ciel-encore-un-coup-de-spacex\" target=\"_blank\" rel=\"noopener\">la Reine des Neiges<\/a>) a enfin une fen\u00eatre d&rsquo;ouverture\u00a0: le <b>printemps 2026<\/b>.<\/p>\n<p>Ce nouveau land, qui prendra place au fond du second parc, sera domin\u00e9 par une immense montagne enneig\u00e9e de 40 m\u00e8tres de haut, au sommet de laquelle tr\u00f4nera le Palais de Glace d&rsquo;Elsa. Les visiteurs pourront se promener dans le village d&rsquo;Arendelle et embarquer dans l&rsquo;attraction \u00ab\u00a0<b>Frozen Ever After<\/b>\u00ab\u00a0, une balade en bateau qui retrace l&rsquo;histoire des films. Un restaurant et une boutique compl\u00e9teront l&rsquo;offre.<\/p>\n<p>                                                                                                                                                        <img decoding=\"async\" src=\"https:\/\/www.europesays.com\/fr\/wp-content\/uploads\/2025\/09\/f8a1d6d699_disneyland-paris-on-sait-quand-ouvre-le-monde-la-reine-des-neiges.webp.webp\" alt=\"Disneyland Paris\u00a0: on sait quand ouvre le monde &quot;La Reine des Neiges&quot;\u00a0!\" width=\"1200\" height=\"800\" loading=\"lazy\"\/>        <\/p>\n<p>La fin du parc Walt Disney Studios<\/p>\n<p>Cette ouverture est une \u00e9tape majeure dans la refonte compl\u00e8te du second <a href=\"https:\/\/www.mac4ever.com\/divers\/184790-on-connait-la-date-d-ouverture-du-parc-d-attraction-geant-avec-harry-potter-et-nintendo-a-l-honneur\" target=\"_blank\" rel=\"noopener\">parc<\/a>. Comme annonc\u00e9 pr\u00e9c\u00e9demment, l&rsquo;arriv\u00e9e de la Reine des Neiges co\u00efncidera avec le changement de nom du parc\u00a0: les Walt Disney Studios deviendront \u00ab\u00a0<b>Disney Adventure World<\/b>\u00ab\u00a0.<\/p>\n<p>Ce changement de nom symbolise l&rsquo;abandon de la th\u00e9matique, tr\u00e8s critiqu\u00e9e, des \u00ab\u00a0<b>coulisses du cin\u00e9ma<\/b>\u00ab\u00a0, au profit d&rsquo;une immersion dans les grands univers de Disney. Le nouveau lac central, \u00ab\u00a0Adventure Bay\u00a0\u00bb, et sa promenade, \u00ab\u00a0Adventure Way\u00a0\u00bb, ouvriront \u00e9galement au m\u00eame moment.<\/p>\n<p>                                                                                                                                                        <img decoding=\"async\" src=\"https:\/\/www.europesays.com\/fr\/wp-content\/uploads\/2025\/09\/a76786e4da_disneyland-paris-on-sait-quand-ouvre-le-monde-la-reine-des-neiges.webp.webp\" alt=\"Disneyland Paris\u00a0: on sait quand ouvre le monde &quot;La Reine des Neiges&quot;\u00a0!\" width=\"1200\" height=\"522\" loading=\"lazy\"\/>        <\/p>\n<p>Un investissement colossal pour redorer le blason du parc<\/p>\n<p>Ce projet fait partie d&rsquo;un plan d&rsquo;investissement massif de <b>deux milliards d&rsquo;euros<\/b>, annonc\u00e9 en 2018. Il cherche \u00e0 corriger les d\u00e9fauts d&rsquo;un second parc souvent jug\u00e9 d\u00e9cevant et peu immersif par les visiteurs.<\/p>\n<p>Apr\u00e8s des ann\u00e9es de hausses de prix et de peu de nouveaut\u00e9s majeures, cet ajout est <b>crucial<\/b> pour redorer le blason de la destination parisienne.<\/p>\n<p>        On en dit quoi\u00a0?<\/p>\n<p>C&rsquo;est un moment tr\u00e8s attendu et absolument critique pour Disneyland Paris. Le <a href=\"https:\/\/www.mac4ever.com\/iphone\/189720-les-iphone-16e-iphone-16-et-iphone-16-pro-en-promo-au-meilleur-prix-des-689\" target=\"_blank\" rel=\"noopener\">parc<\/a> Walt Disney Studios a toujours \u00e9t\u00e9 le <b>vilain petit canard<\/b> du complexe, une annexe que l&rsquo;on visitait rapidement pour les attractions Nemo et Ratatouille. Cette transformation en \u00ab\u00a0Disney Adventure World\u00a0\u00bb, avec la Reine des Neiges comme produit d&rsquo;appel, est l&rsquo;op\u00e9ration de la derni\u00e8re chance pour le rendre enfin attractif.<\/p>\n<p>L&rsquo;enjeu est de taille. Apr\u00e8s des ann\u00e9es de critiques, Disney est attendu au tournant. L&rsquo;arriv\u00e9e d&rsquo;une des <b>licences les plus puissantes<\/b> de son catalogue est une promesse forte faite aux visiteurs. Reste \u00e0 esp\u00e9rer que le r\u00e9sultat sera \u00e0 la hauteur de l&rsquo;investissement et de l&rsquo;attente des fans. Et vous, cette transformation du parc Walt Disney Studios, \u00e7a vous donne <b>envie d&rsquo;y retourner<\/b>\u00a0?<\/p>\n","protected":false},"excerpt":{"rendered":"L&rsquo;attente touche \u00e0 sa fin. Disneyland Paris a profit\u00e9 de sa convention D23 le week-end dernier pour annoncer&hellip;\n","protected":false},"author":2,"featured_media":359828,"comment_status":"","ping_status":"","sticky":false,"template":"","format":"standard","meta":{"footnotes":""},"categories":[1354],"tags":[7791,58,59,1346,1011,27,1360],"class_list":{"0":"post-359827","1":"post","2":"type-post","3":"status-publish","4":"format-standard","5":"has-post-thumbnail","7":"category-films","8":"tag-disneyland","9":"tag-divertissement","10":"tag-entertainment","11":"tag-films","12":"tag-fr","13":"tag-france","14":"tag-movies"},"share_on_mastodon":{"url":"https:\/\/pubeurope.com\/@fr\/115132583500892898","error":""},"_links":{"self":[{"href":"https:\/\/www.europesays.com\/fr\/wp-json\/wp\/v2\/posts\/359827","targetHints":{"allow":["GET"]}}],"collection":[{"href":"https:\/\/www.europesays.com\/fr\/wp-json\/wp\/v2\/posts"}],"about":[{"href":"https:\/\/www.europesays.com\/fr\/wp-json\/wp\/v2\/types\/post"}],"author":[{"embeddable":true,"href":"https:\/\/www.europesays.com\/fr\/wp-json\/wp\/v2\/users\/2"}],"replies":[{"embeddable":true,"href":"https:\/\/www.europesays.com\/fr\/wp-json\/wp\/v2\/comments?post=359827"}],"version-history":[{"count":0,"href":"https:\/\/www.europesays.com\/fr\/wp-json\/wp\/v2\/posts\/359827\/revisions"}],"wp:featuredmedia":[{"embeddable":true,"href":"https:\/\/www.europesays.com\/fr\/wp-json\/wp\/v2\/media\/359828"}],"wp:attachment":[{"href":"https:\/\/www.europesays.com\/fr\/wp-json\/wp\/v2\/media?parent=359827"}],"wp:term":[{"taxonomy":"category","embeddable":true,"href":"https:\/\/www.europesays.com\/fr\/wp-json\/wp\/v2\/categories?post=359827"},{"taxonomy":"post_tag","embeddable":true,"href":"https:\/\/www.europesays.com\/fr\/wp-json\/wp\/v2\/tags?post=359827"}],"curies":[{"name":"wp","href":"https:\/\/api.w.org\/{rel}","templated":true}]}}