{"id":359829,"date":"2025-09-02T03:29:15","date_gmt":"2025-09-02T03:29:15","guid":{"rendered":"https:\/\/www.europesays.com\/fr\/359829\/"},"modified":"2025-09-02T03:29:15","modified_gmt":"2025-09-02T03:29:15","slug":"ce-stethoscope-bourre-dia-detecte-votre-eventuelle-insuffisance-cardiaque-en-15-secondes-chrono","status":"publish","type":"post","link":"https:\/\/www.europesays.com\/fr\/359829\/","title":{"rendered":"Ce st\u00e9thoscope bourr\u00e9 d&rsquo;IA d\u00e9tecte votre \u00e9ventuelle insuffisance cardiaque en 15 secondes chrono"},"content":{"rendered":"<p class=\"sc-29e2a271-0 jjhUrQ\">Le Dr Sonya Babu-Narayan, directrice clinique \u00e0 la British Heart Foundation, organisation caritative de recherche cardiovasculaire au Royaume-Uni, \u00e9voque une perc\u00e9e, qu&rsquo;elle salue. \u00ab\u00a0Il s&rsquo;agit d&rsquo;un exemple \u00e9l\u00e9gant de la mani\u00e8re dont l&rsquo;humble st\u00e9thoscope, invent\u00e9 il y a plus de 200 ans, peut \u00eatre am\u00e9lior\u00e9 pour le 21e si\u00e8cle\u00a0\u00bb, explique-t-elle. L&rsquo;enjeu est d&rsquo;autant plus crucial que les pathologies sont \u00ab\u00a0souvent diagnostiqu\u00e9es \u00e0 un stade avanc\u00e9 lors d&rsquo;urgences hospitali\u00e8res\u00a0\u00bb.<\/p>\n","protected":false},"excerpt":{"rendered":"Le Dr Sonya Babu-Narayan, directrice clinique \u00e0 la British Heart Foundation, organisation caritative de recherche cardiovasculaire au Royaume-Uni,&hellip;\n","protected":false},"author":2,"featured_media":359830,"comment_status":"","ping_status":"","sticky":false,"template":"","format":"standard","meta":{"footnotes":""},"categories":[10],"tags":[1011,27,72,71],"class_list":{"0":"post-359829","1":"post","2":"type-post","3":"status-publish","4":"format-standard","5":"has-post-thumbnail","7":"category-sante","8":"tag-fr","9":"tag-france","10":"tag-health","11":"tag-sante"},"share_on_mastodon":{"url":"https:\/\/pubeurope.com\/@fr\/115132587286152152","error":""},"_links":{"self":[{"href":"https:\/\/www.europesays.com\/fr\/wp-json\/wp\/v2\/posts\/359829","targetHints":{"allow":["GET"]}}],"collection":[{"href":"https:\/\/www.europesays.com\/fr\/wp-json\/wp\/v2\/posts"}],"about":[{"href":"https:\/\/www.europesays.com\/fr\/wp-json\/wp\/v2\/types\/post"}],"author":[{"embeddable":true,"href":"https:\/\/www.europesays.com\/fr\/wp-json\/wp\/v2\/users\/2"}],"replies":[{"embeddable":true,"href":"https:\/\/www.europesays.com\/fr\/wp-json\/wp\/v2\/comments?post=359829"}],"version-history":[{"count":0,"href":"https:\/\/www.europesays.com\/fr\/wp-json\/wp\/v2\/posts\/359829\/revisions"}],"wp:featuredmedia":[{"embeddable":true,"href":"https:\/\/www.europesays.com\/fr\/wp-json\/wp\/v2\/media\/359830"}],"wp:attachment":[{"href":"https:\/\/www.europesays.com\/fr\/wp-json\/wp\/v2\/media?parent=359829"}],"wp:term":[{"taxonomy":"category","embeddable":true,"href":"https:\/\/www.europesays.com\/fr\/wp-json\/wp\/v2\/categories?post=359829"},{"taxonomy":"post_tag","embeddable":true,"href":"https:\/\/www.europesays.com\/fr\/wp-json\/wp\/v2\/tags?post=359829"}],"curies":[{"name":"wp","href":"https:\/\/api.w.org\/{rel}","templated":true}]}}