{"id":359831,"date":"2025-09-02T03:30:13","date_gmt":"2025-09-02T03:30:13","guid":{"rendered":"https:\/\/www.europesays.com\/fr\/359831\/"},"modified":"2025-09-02T03:30:13","modified_gmt":"2025-09-02T03:30:13","slug":"linternational-randal-kolo-muani-prete-par-le-psg-a-tottenham","status":"publish","type":"post","link":"https:\/\/www.europesays.com\/fr\/359831\/","title":{"rendered":"l\u2019international Randal Kolo Muani pr\u00eat\u00e9 par le PSG \u00e0 Tottenham"},"content":{"rendered":"<p>L\u2019attaquant parisien s\u2019est engag\u00e9 jusqu\u2019\u00e0 la fin de la saison avec le club de Premier League.<\/p>\n<p class=\"fig-paragraph\">L\u2019attaquant international fran\u00e7ais Randal Kolo Muani a \u00e9t\u00e9 pr\u00eat\u00e9 pour la saison 2025-2026 par le Paris Saint-Germain \u00e0 Tottenham, ont annonc\u00e9 les deux clubs lundi, au dernier jour du mercato estival.<\/p>\n<p class=\"fig-paragraph\">Aucune option d\u2019achat n\u2019est mentionn\u00e9e concernant le joueur de 26 ans, sous contrat avec le champion de France depuis 2023 et d\u00e9j\u00e0 pr\u00eat\u00e9 la saison derni\u00e8re \u00e0 la Juventus Turin.<\/p>\n<p>                                    <a class=\"fig-a11y-skip a11y-hidden\" href=\"#fig-a11y-skip-main-inarticle\"><br \/>\n        Passer la publicit\u00e9<br \/>\n    <\/a><\/p>\n<p class=\"fig-paragraph\">Le PSG s\u2019activait depuis plusieurs jours pour trouver une porte de sortie temporaire au vice-champion du monde 2022, sur lequel l\u2019entra\u00eeneur Luis Enrique ne compte pas.<\/p>\n<p class=\"fig-paragraph\">Ce sera finalement Tottenham, le club du nord de Londres qui a connu une derni\u00e8re saison en forme de montagnes russes: une d\u00e9sastreuse campagne en Premier League, termin\u00e9e \u00e0 la 17e place, mais un titre en Ligue Europa qui l\u2019a qualifi\u00e9 pour la la Ligue des champions 2025-26.<\/p>\n<p class=\"fig-paragraph\">Les Spurs du nouvel entra\u00eeneur Thomas Frank affronteront d\u2019ailleurs le PSG au Parc des Princes fin novembre en phase de ligue de la C1.<\/p>\n<p>Au sommet de sa carri\u00e8re pour Thomas Frank<\/p>\n<p class=\"fig-paragraph\">\u00abRandal est un joueur de qualit\u00e9 qui a fait ses preuves depuis plusieurs ann\u00e9es, en jouant pour de grandes \u00e9quipes en Ligue des champions et en acqu\u00e9rant une solide exp\u00e9rience au sein de l\u2019\u00e9quipe de France\u00bb, a comment\u00e9 le technicien danois arriv\u00e9 de Brentford.<\/p>\n<p class=\"fig-paragraph\">\u00abIl est dans la fleur de l\u2019\u00e2ge, au sommet de sa carri\u00e8re, il poss\u00e8de de bonnes qualit\u00e9s qui conviendront \u00e0 la fois \u00e0 notre \u00e9quipe et \u00e0 la Premier League, et il nous offre une option diff\u00e9rente devant car il est capable de jouer \u00e0 la fois sur les ailes et dans l\u2019axe\u00bb, a-t-il compl\u00e9t\u00e9.<\/p>\n<p>                                    <a class=\"fig-a11y-skip a11y-hidden\" href=\"#fig-a11y-skip-main-inarticle_mtf\"><br \/>\n        Passer la publicit\u00e9<br \/>\n    <\/a><\/p>\n<p class=\"fig-paragraph\">Au poste d\u2019avant-centre, \u00abRKM\u00bb sera en concurrence avec le Br\u00e9silien Richarlison, titulaire depuis le d\u00e9but de saison, et avec l\u2019international anglais Dominic Solanke, actuellement bless\u00e9.<\/p>\n","protected":false},"excerpt":{"rendered":"L\u2019attaquant parisien s\u2019est engag\u00e9 jusqu\u2019\u00e0 la fin de la saison avec le club de Premier League. L\u2019attaquant international&hellip;\n","protected":false},"author":2,"featured_media":359832,"comment_status":"","ping_status":"","sticky":false,"template":"","format":"standard","meta":{"footnotes":""},"categories":[9],"tags":[1011,27,93,7157,60],"class_list":{"0":"post-359831","1":"post","2":"type-post","3":"status-publish","4":"format-standard","5":"has-post-thumbnail","7":"category-sports","8":"tag-fr","9":"tag-france","10":"tag-psg","11":"tag-randal-kolo-muani","12":"tag-sports"},"share_on_mastodon":{"url":"https:\/\/pubeurope.com\/@fr\/115132591243368516","error":""},"_links":{"self":[{"href":"https:\/\/www.europesays.com\/fr\/wp-json\/wp\/v2\/posts\/359831","targetHints":{"allow":["GET"]}}],"collection":[{"href":"https:\/\/www.europesays.com\/fr\/wp-json\/wp\/v2\/posts"}],"about":[{"href":"https:\/\/www.europesays.com\/fr\/wp-json\/wp\/v2\/types\/post"}],"author":[{"embeddable":true,"href":"https:\/\/www.europesays.com\/fr\/wp-json\/wp\/v2\/users\/2"}],"replies":[{"embeddable":true,"href":"https:\/\/www.europesays.com\/fr\/wp-json\/wp\/v2\/comments?post=359831"}],"version-history":[{"count":0,"href":"https:\/\/www.europesays.com\/fr\/wp-json\/wp\/v2\/posts\/359831\/revisions"}],"wp:featuredmedia":[{"embeddable":true,"href":"https:\/\/www.europesays.com\/fr\/wp-json\/wp\/v2\/media\/359832"}],"wp:attachment":[{"href":"https:\/\/www.europesays.com\/fr\/wp-json\/wp\/v2\/media?parent=359831"}],"wp:term":[{"taxonomy":"category","embeddable":true,"href":"https:\/\/www.europesays.com\/fr\/wp-json\/wp\/v2\/categories?post=359831"},{"taxonomy":"post_tag","embeddable":true,"href":"https:\/\/www.europesays.com\/fr\/wp-json\/wp\/v2\/tags?post=359831"}],"curies":[{"name":"wp","href":"https:\/\/api.w.org\/{rel}","templated":true}]}}