{"id":359834,"date":"2025-09-02T03:32:10","date_gmt":"2025-09-02T03:32:10","guid":{"rendered":"https:\/\/www.europesays.com\/fr\/359834\/"},"modified":"2025-09-02T03:32:10","modified_gmt":"2025-09-02T03:32:10","slug":"luc-julia-et-monsieur-phi-reviennent-sur-le-role-du-pape-de-lia-dans-la-creation-de-siri","status":"publish","type":"post","link":"https:\/\/www.europesays.com\/fr\/359834\/","title":{"rendered":"Luc Julia et Monsieur Phi reviennent sur le r\u00f4le du \u00ab\u00a0pape de l&rsquo;IA\u00a0\u00bb dans la cr\u00e9ation de Siri"},"content":{"rendered":"<p>Luc Julia, souvent pr\u00e9sent\u00e9 comme le \u00ab\u00a0p\u00e8re de Siri\u00a0\u00bb, a r\u00e9pondu point par point aux accusations du youtubeur Monsieur Phi, tous deux invit\u00e9s sur le plateau de Tech&amp;Co. Le vulgarisateur scientifique accuse le \u00ab\u00a0pape de l&rsquo;IA\u00a0\u00bb d&rsquo;erreurs et remet en cause son parcours.<\/p>\n<p>Luc Julia, souvent <a href=\"https:\/\/www.bfmtv.com\/auto\/qui-est-luc-julia-le-papa-de-siri-et-nouvelle-recrue-de-renault_AV-202104220340.html\" title=\"Qui est Luc Julia, le papa de Siri et nouvelle recrue de Renault?\" class=\"internal_link\" rel=\"nofollow noopener\" target=\"_blank\">pr\u00e9sent\u00e9 comme le \u00ab\u00a0p\u00e8re de Siri\u00a0\u00bb<\/a>, le c\u00e9l\u00e8bre assistant vocal d&rsquo;Apple, ne serait-il qu&rsquo;un charlatan? C&rsquo;est en tous cas ce que laissent entendre de nombreux observateurs sur les r\u00e9seaux sociaux.<\/p>\n<p>Tout a commenc\u00e9 lundi 11 ao\u00fbt, lorsque le youtubeur Monsieur Phi, vulgarisateur scientifique suivi par plus de 378.000 abonn\u00e9s, a publi\u00e9 une vid\u00e9o au titre sans \u00e9quivoque: \u00ab\u00a0Luc Julia au S\u00e9nat: autopsie d&rsquo;un grand n&rsquo;importe quoi\u00a0\u00bb. Dans cette production de plus d&rsquo;une heure, il revient sur l&rsquo;audition du \u00ab\u00a0pape de l&rsquo;IA\u00a0\u00bb par les s\u00e9nateurs de la commission des affaires \u00e9conomiques, le 18 juin dernier, et remet en cause aussi bien son CV et son parcours que son r\u00f4le <a href=\"https:\/\/www.bfmtv.com\/tech\/apple\/siri-et-apple-pourquoi-l-intelligence-artificielle-de-l-i-phone-fera-profil-bas-lors-de-la-wwdc-2025_AV-202506090407.html\" title=\"Siri et Apple: pourquoi l&#039;intelligence artificielle de l&#039;iPhone fera profil bas lors de la WWDC 2025\" class=\"internal_link\" rel=\"nofollow noopener\" target=\"_blank\">dans la cr\u00e9ation de Siri<\/a>.<\/p>\n<p>Qui est vraiment le p\u00e8re de Siri?<\/p>\n<p>Invit\u00e9 sur le plateau de Tech&amp;Co ce 1er septembre, Luc Julia est directement entr\u00e9 dans le vif du sujet. Interrog\u00e9 sur son r\u00f4le dans la cr\u00e9ation de Siri, largement remis en question par Monsieur Phi, l&rsquo;ing\u00e9nieur \u00e9tait sans appel.<\/p>\n<blockquote class=\"embed embed_quote\"><p>\u00ab\u00a0Oui. Je suis co-cr\u00e9ateur. Il faut faire attention aux mots, les mots ont un sens. Je <a href=\"https:\/\/www.bfmtv.com\/economie\/replay-emissions\/tech-and-co\/luc-julia-co-createur-de-siri-02-03_EN-202203020730.html\" title=\"Luc Julia, co-cr\u00e9ateur de Siri \u2013 02\/03\" class=\"internal_link\" rel=\"nofollow noopener\" target=\"_blank\">ne dis jamais co-fondateur<\/a>\u00ab\u00a0, lance-t-il. \u00ab\u00a0On \u00e9tait deux en 1997 \u00e0 cr\u00e9er The Assistant, qui est devenu ce que j&rsquo;appelle souvent le &lsquo;grand-p\u00e8re de Siri&rsquo;. Les brevets le prouvent.\u00a0\u00bb<\/p><\/blockquote>\n<p>De son c\u00f4t\u00e9 Monsieur Phi, pr\u00e9sent par visio sur le plateau de Tech&amp;Co, a tenu \u00e0 rappeler que le sujet de Siri ne constituait \u00ab\u00a0qu&rsquo;une petite partie de la vid\u00e9o, relativement accessoire.\u00a0\u00bb \u00ab\u00a0Et s&rsquo;il avait vu ma vid\u00e9o, il aurait vu qu&rsquo;on y trouve un extrait o\u00f9 il se pr\u00e9sente comme co-fondateur de Siri\u00a0\u00bb, r\u00e9torque-t-il, citant une vid\u00e9o de Numerama. Un d\u00e9bat s\u00e9mantique qui semble agiter les deux hommes.<\/p>\n<p>\u00ab\u00a0Tous les cr\u00e9ateurs de Siri sont tr\u00e8s clairs sur le fait que les brevets sur lesquels Luc Julia est co-auteur n&rsquo;ont pas servi\u00a0\u00bb, insiste Monsieur Phi, tout en rappelant qu&rsquo;il n&rsquo;avait trouv\u00e9 \u00ab\u00a0aucune preuve\u00a0\u00bb que le projet \u00ab\u00a0The Assistant existe lorsqu&rsquo;on cherche du c\u00f4t\u00e9 d&rsquo;Adam Cheyer (co-cr\u00e9ateur de Siri, NDLR). Lorsqu&rsquo;il <a href=\"https:\/\/www.bfmtv.com\/tech\/le-co-createur-de-siri-se-raconte-dans-un-ouvrage-sur-la-silicon-valley_AV-202211280809.html\" title=\"Le co-cr\u00e9ateur de Siri se raconte dans un ouvrage sur la Silicon Valley\" class=\"internal_link\" rel=\"nofollow noopener\" target=\"_blank\">parle de l&rsquo;origine de Siri<\/a>, il parle d&rsquo;autres projets comme OA\u00a0\u00bb. \u00ab\u00a0The Assitant est r\u00e9f\u00e9renc\u00e9 dans des papiers des ann\u00e9es 1995. Il peut aller sur mon site web pour trouver des papiers\u00a0\u00bb, r\u00e9pond simplement Luc Julia. \u00ab\u00a0Mon nom figure sur les brevets, avec celui d&rsquo;Adam.\u00a0\u00bb<\/p>\n<\/p>\n<p>\u00ab\u00a0Vous avez eu un r\u00f4le assez flou au niveau des brevets et ensuite, vous \u00eates arriv\u00e9s apr\u00e8s la bataille, apr\u00e8s le d\u00e9veloppement de Siri de 2007 \u00e0 2010 et apr\u00e8s le second developpement de Siri, entre avril 2010 et octobre 2011. Vous \u00eates rest\u00e9s dix mois, un passage relativement \u00e9clair\u00a0\u00bb, r\u00e9sume Monsieur Phi. \u00ab\u00a0J&rsquo;avais des relations privil\u00e9gi\u00e9es avec Adam Cheyer pendant toute la p\u00e9riode o\u00f9 on discutait quand j&rsquo;\u00e9tais chez HP avant de rejoindre Apple\u00a0\u00bb, insiste Luc Julia.<\/p>\n<p>Les minutes s&rsquo;\u00e9coulent, mais les deux hommes campent sur leurs positions. \u00ab\u00a0Adam Cheyer est pr\u00eat \u00e0 dire que Luc Julia fait partie d&rsquo;un cercle de co-cr\u00e9ateurs qui devait inclure une centaine de personnes\u00a0\u00bb, lance Monsieur Phi. \u00ab\u00a0Si c&rsquo;\u00e9tait \u00e9crit, c&rsquo;est l&rsquo;un des 100 co-cr\u00e9ateur de Siri, je n&rsquo;aurais aucun probl\u00e8me la-dessus.\u00a0\u00bb<\/p>\n<p>\u00ab\u00a0C&rsquo;\u00e9tait 15 personnes entre 2007 et 2010. Je reconnais compl\u00e8tement que ces 15 personnes ont contribu\u00e9. Elles peuvent se targuer d&rsquo;\u00eatre les cr\u00e9ateurs de Siri, d&rsquo;avoir cr\u00e9\u00e9 des morceaux de Siri\u00a0\u00bb, lui r\u00e9pond simplement Luc Julia. \u00ab\u00a0Quand je dirigeais Siri, on est pass\u00e9s de 15 personnes \u00e0 85 personnes. Donc les 85 personnes qui \u00e9taient l\u00e0 \u00e0 ce moment peuvent dire qu&rsquo;ils ont contribu\u00e9.\u00a0\u00bb<\/p>\n<blockquote class=\"embed embed_quote\"><p>\u00ab\u00a0Mais pour moi, la cr\u00e9ation, c&rsquo;est la gen\u00e8se. Et je dis, et je continuerais \u00e0 dire qu&rsquo;Adam Cheyer et moi sommes les deux co-cr\u00e9ateurs de Siri\u00a0\u00bb, ajoute l&rsquo;ing\u00e9nieur.<\/p><\/blockquote>\n<p>L&rsquo;IA se trompe-t-elle 36% du temps?<\/p>\n<p>Les deux hommes sont ensuite revenus sur le fameux chiffre de 36%. En effet, lors de ses conf\u00e9rences, Luc Julia assure que les LLM se trompent souvent. Il cite notamment une \u00e9tude datant de 2023 en affirmant que leur fiabilit\u00e9 ne d\u00e9passait pas 64% et qu&rsquo;elle diminuait de 2% par an.<\/p>\n<p>Un chiffre totalement r\u00e9fut\u00e9 par Monsieur Phi. \u00ab\u00a0Je trouve \u00e7a assez alarmant que depuis deux ans, il pr\u00e9sente exactement la m\u00eame conf\u00e9rence. Il s&rsquo;est pass\u00e9 beaucoup de choses\u00a0\u00bb, insiste le youtubeur. \u00ab\u00a0Il pr\u00e9sente en permanence ce chiffre de 64% de pertinence qui n&rsquo;a aucun sens. \u00c7a n&rsquo;a pas de sens de parler d&rsquo;un tel chiffre sans r\u00e9f\u00e9rence car c&rsquo;est le r\u00e9sultat d&rsquo;un benchmark. Et c&rsquo;est un chiffre extr\u00eamement dat\u00e9 car il porte sur ChatGPT 3.5.\u00a0\u00bb<\/p>\n<blockquote class=\"embed embed_quote\"><p>\u00ab\u00a0Il semble manquer d&rsquo;\u00e9l\u00e9ments de compr\u00e9hension assez basiques sur le fonctionnement des LLM (&#8230;) Quand on pr\u00e9tend parler aux s\u00e9nateurs pour les informer sur l&rsquo;\u00e9tat de l&rsquo;IA, \u00e7a me semble irresponsable\u00a0\u00bb, conclut Monsieur Phi.<\/p><\/blockquote>\n<p>De son c\u00f4t\u00e9, Luc Julia ne semble pas rougir de sa pr\u00e9sentation devant les s\u00e9nateurs. \u00ab\u00a0Sur le point de la pertinence, c&rsquo;est extr\u00eamement difficile \u00e0 d\u00e9terminer. C&rsquo;est clair que je r\u00e9p\u00e8te \u00e0 peu pr\u00e8s la m\u00eame chose depuis trente ans sur l&rsquo;IA en g\u00e9n\u00e9rale. Ce qui est vrai, c&rsquo;est que ces taux de pertinence sont bons pour les IA sp\u00e9cialis\u00e9es. C&rsquo;est pour \u00e7a que l&rsquo;IA est utile lorsqu&rsquo;elle est sp\u00e9cialis\u00e9e. Mais en mati\u00e8re g\u00e9n\u00e9rique, ces IA sont mauvaises\u00a0\u00bb, pr\u00e9cise l&rsquo;ing\u00e9nieur. \u00ab\u00a0Et \u00e7a se d\u00e9t\u00e9riore.\u00a0\u00bb<\/p>\n<p>Malgr\u00e9 l&rsquo;\u00e9change, les deux hommes semblent rester sur leur position. \u00ab\u00a0Vous prenez un chiffre qui concerne ChatGPT 3.5, il faudrait que vous montriez que sur ce m\u00eame benchmark, ChatGPT 5 fasse moins bien. \u00c7a n&rsquo;existe pas\u00a0\u00bb, lui r\u00e9pond Monsieur Phi.<\/p>\n","protected":false},"excerpt":{"rendered":"Luc Julia, souvent pr\u00e9sent\u00e9 comme le \u00ab\u00a0p\u00e8re de Siri\u00a0\u00bb, a r\u00e9pondu point par point aux accusations du youtubeur&hellip;\n","protected":false},"author":2,"featured_media":359835,"comment_status":"","ping_status":"","sticky":false,"template":"","format":"standard","meta":{"footnotes":""},"categories":[7],"tags":[1011,27,43,40,41,39,42,44],"class_list":{"0":"post-359834","1":"post","2":"type-post","3":"status-publish","4":"format-standard","5":"has-post-thumbnail","7":"category-sciences-et-technologies","8":"tag-fr","9":"tag-france","10":"tag-science","11":"tag-science-and-technology","12":"tag-sciences","13":"tag-sciences-et-technologies","14":"tag-technologies","15":"tag-technology"},"share_on_mastodon":{"url":"https:\/\/pubeurope.com\/@fr\/115132599087757641","error":""},"_links":{"self":[{"href":"https:\/\/www.europesays.com\/fr\/wp-json\/wp\/v2\/posts\/359834","targetHints":{"allow":["GET"]}}],"collection":[{"href":"https:\/\/www.europesays.com\/fr\/wp-json\/wp\/v2\/posts"}],"about":[{"href":"https:\/\/www.europesays.com\/fr\/wp-json\/wp\/v2\/types\/post"}],"author":[{"embeddable":true,"href":"https:\/\/www.europesays.com\/fr\/wp-json\/wp\/v2\/users\/2"}],"replies":[{"embeddable":true,"href":"https:\/\/www.europesays.com\/fr\/wp-json\/wp\/v2\/comments?post=359834"}],"version-history":[{"count":0,"href":"https:\/\/www.europesays.com\/fr\/wp-json\/wp\/v2\/posts\/359834\/revisions"}],"wp:featuredmedia":[{"embeddable":true,"href":"https:\/\/www.europesays.com\/fr\/wp-json\/wp\/v2\/media\/359835"}],"wp:attachment":[{"href":"https:\/\/www.europesays.com\/fr\/wp-json\/wp\/v2\/media?parent=359834"}],"wp:term":[{"taxonomy":"category","embeddable":true,"href":"https:\/\/www.europesays.com\/fr\/wp-json\/wp\/v2\/categories?post=359834"},{"taxonomy":"post_tag","embeddable":true,"href":"https:\/\/www.europesays.com\/fr\/wp-json\/wp\/v2\/tags?post=359834"}],"curies":[{"name":"wp","href":"https:\/\/api.w.org\/{rel}","templated":true}]}}