{"id":359836,"date":"2025-09-02T03:33:12","date_gmt":"2025-09-02T03:33:12","guid":{"rendered":"https:\/\/www.europesays.com\/fr\/359836\/"},"modified":"2025-09-02T03:33:12","modified_gmt":"2025-09-02T03:33:12","slug":"nouveau-tremblement-de-terre-chez-nestle-le-directeur-general-laurent-freixe-est-licencie-avec-effet-immediat","status":"publish","type":"post","link":"https:\/\/www.europesays.com\/fr\/359836\/","title":{"rendered":"Nouveau tremblement de terre chez Nestl\u00e9: le directeur g\u00e9n\u00e9ral, Laurent Freixe, est licenci\u00e9 avec effet imm\u00e9diat"},"content":{"rendered":"<p>Nouveau coup de th\u00e9\u00e2tre chez Nestl\u00e9: Laurent Freixe est licenci\u00e9 avec effet imm\u00e9diat, a annonc\u00e9 lundi soir l\u2019entreprise dans un communiqu\u00e9. \u00abSon d\u00e9part fait suite \u00e0 une enqu\u00eate concernant une relation amoureuse non d\u00e9clar\u00e9e avec une subordonn\u00e9e directe, ce qui constitue une infraction au code de conduite professionnelle\u00bb de la multinationale vaudoise.<\/p>\n<p>Selon une porte-parole de l\u2019entreprise, une alerte avait \u00e9t\u00e9 transmise par les canaux internes destin\u00e9s aux lanceurs d\u2019alerte, signalant que le dirigeant entretenait une relation amoureuse avec une cadre plac\u00e9e directement sous son autorit\u00e9. Mais Laurent Freixe avait ni\u00e9 cette relation, et les premi\u00e8res v\u00e9rifications n\u2019avaient rien r\u00e9v\u00e9l\u00e9.<\/p>\n<p>A la suite de nouveaux indices, le conseil d\u2019administration a ordonn\u00e9 qu\u2019une enqu\u00eate soit men\u00e9e. Celle-ci a \u00e9t\u00e9 supervis\u00e9e par Paul Bulcke, pr\u00e9sident du conseil d\u2019administration, et Pablo Isla, d\u00e9sign\u00e9 en juin dernier pour lui succ\u00e9der \u00e0 la pr\u00e9sidence, avec le soutien de conseillers juridiques externes ind\u00e9pendants. L\u2019enqu\u00eate a confirm\u00e9 l\u2019existence de la relation. Le fait qu\u2019elle n\u2019ait pas \u00e9t\u00e9 d\u00e9clar\u00e9e, et m\u00eame d\u00e9mentie par Laurent Freixe, constituait une violation des r\u00e8gles internes de l\u2019entreprise. Le conseil d\u2019administration a donc prononc\u00e9 son licenciement avec effet imm\u00e9diat lundi.<\/p>\n<p>\u00abC\u2019\u00e9tait une d\u00e9cision n\u00e9cessaire\u00bb, commente dans le communiqu\u00e9 Paul Bulcke, qui quittera l\u2019entreprise en avril prochain. \u00abLes valeurs de Nestl\u00e9 et une bonne gouvernance constituent les fondations solides de notre entreprise, ajoute le Belge. Je remercie Laurent pour ses ann\u00e9es de service chez Nestl\u00e9.\u00bb<\/p>\n<p>Changement dans l\u2019urgence<\/p>\n<p>Laurent Freixe avait \u00e9t\u00e9 propuls\u00e9 contre toute attente il y a 1 an \u00e0 la t\u00eate du g\u00e9ant de Vevey \u00e0 la place de l\u2019Allemand Mark Schneider. Ce remplacement abrupt avait provoqu\u00e9 la stup\u00e9faction. Car, \u00e0 l\u2019inverse de nombre de ses concurrents, le num\u00e9ro un mondial de l\u2019alimentation est \u00e9pris de continuit\u00e9. En principe, un changement de dirigeant fait l\u2019objet d\u2019une longue et minutieuse proc\u00e9dure.<\/p>\n<p>Lire aussi: <a href=\"https:\/\/www.letemps.ch\/articles\/laurent-freixe-nestle-doit-retrouver-un-cercle-vertueux-de-croissance\" target=\"_blank\" rel=\"noopener\">Laurent Freixe: \u00abNestl\u00e9 doit retrouver un cercle vertueux de croissance\u00bb<\/a>  <\/p>\n<p>Homme du s\u00e9rail, fin connaisseur des march\u00e9s, le Fran\u00e7ais de 63\u00a0ans avait la d\u00e9licate mission de relancer le g\u00e9ant de Vevey apr\u00e8s une s\u00e9rie de d\u00e9convenues. Laurent Freixe avait fix\u00e9 comme priorit\u00e9 de se concentrer sur le c\u0153ur de m\u00e9tier, de gagner des parts de march\u00e9 et de r\u00e9tablir la confiance des investisseurs. Mais l\u2019action du groupe continue de perdre du terrain.<\/p>\n<p>Le Fran\u00e7ais est remplac\u00e9 avec effet imm\u00e9diat par le Suisse Philipp Navratil, actuel directeur de Nespresso. \u00abPhilipp Navratil est reconnu pour son parcours impressionnant, jalonn\u00e9 de succ\u00e8s obtenus malgr\u00e9 des circonstances difficiles, souligne Paul Bulcke. R\u00e9put\u00e9 pour son dynamisme, il sait inspirer les \u00e9quipes et dirige avec un style de management collaboratif et inclusif. Le conseil d\u2019administration est confiant que Philipp Navratil fera rapidement progresser notre strat\u00e9gie de croissance et acc\u00e9l\u00e9rera nos efforts en mati\u00e8re d\u2019efficacit\u00e9.\u00bb Paul Bulcke pr\u00e9cise que Nestl\u00e9 ne va pas changer de cap et maintient sa strat\u00e9gie.<\/p>\n<p>Lire aussi: <a href=\"https:\/\/www.letemps.ch\/articles\/nestle-souffre-de-la-demande-moderee-des-consommateurs\" target=\"_blank\" rel=\"noopener\">Pour Nestl\u00e9, le chemin du redressement est sem\u00e9 d\u2019emb\u00fbches<\/a>  <\/p>\n<p>Nouvelle g\u00e9n\u00e9ration au sommet<\/p>\n<p>Ag\u00e9 de 49\u00a0ans, Philipp Navratil incarne une nouvelle g\u00e9n\u00e9ration de dirigeants chez Nestl\u00e9. Il y a commenc\u00e9 sa carri\u00e8re en 2001 en tant qu\u2019auditeur interne. Apr\u00e8s avoir occup\u00e9 divers postes commerciaux en Am\u00e9rique centrale, il a \u00e9t\u00e9 nomm\u00e9 directeur responsable de Nestl\u00e9 Honduras en 2009. En 2013, il a pris la direction de l\u2019activit\u00e9 caf\u00e9 et boissons au Mexique, o\u00f9 il a jou\u00e9 un r\u00f4le cl\u00e9 dans le renforcement de la marque Nescaf\u00e9.<\/p>\n<p>En 2020, Philipp Navratil a rejoint l\u2019unit\u00e9 d\u2019affaires strat\u00e9gique caf\u00e9 de Nestl\u00e9, o\u00f9 il \u00e9tait responsable de l\u2019\u00e9laboration de la strat\u00e9gie mondiale ainsi que de la promotion de l\u2019innovation pour les marques de caf\u00e9 Nescaf\u00e9 et Starbucks. Il a pris la direction de Nespresso en juillet 2024, \u00abo\u00f9 il a stimul\u00e9 la croissance et g\u00e9n\u00e9r\u00e9 un \u00e9lan vigoureux\u00bb, avant de rejoindre la direction g\u00e9n\u00e9rale du groupe le 1er\u00a0janvier 2025. Mari\u00e9 et p\u00e8re de deux enfants, il dispose \u00e9galement de la nationalit\u00e9 autrichienne.<\/p>\n<p>\u00abC\u2019est un privil\u00e8ge d\u2019assumer la responsabilit\u00e9 de diriger Nestl\u00e9 vers l\u2019avenir, r\u00e9agit Philipp Navratil. J\u2019adh\u00e8re pleinement \u00e0 la direction strat\u00e9gique de l\u2019entreprise, ainsi qu\u2019au plan d\u2019action en place pour am\u00e9liorer la performance de Nestl\u00e9.\u00bb<\/p>\n","protected":false},"excerpt":{"rendered":"Nouveau coup de th\u00e9\u00e2tre chez Nestl\u00e9: Laurent Freixe est licenci\u00e9 avec effet imm\u00e9diat, a annonc\u00e9 lundi soir l\u2019entreprise&hellip;\n","protected":false},"author":2,"featured_media":359837,"comment_status":"","ping_status":"","sticky":false,"template":"","format":"standard","meta":{"footnotes":""},"categories":[6],"tags":[258,35,33,12113,34,1011,27,4438],"class_list":{"0":"post-359836","1":"post","2":"type-post","3":"status-publish","4":"format-standard","5":"has-post-thumbnail","7":"category-economie","8":"tag-alimentation","9":"tag-business","10":"tag-economie","11":"tag-economie-suisse","12":"tag-economy","13":"tag-fr","14":"tag-france","15":"tag-free"},"share_on_mastodon":{"url":"https:\/\/pubeurope.com\/@fr\/115132603002075762","error":""},"_links":{"self":[{"href":"https:\/\/www.europesays.com\/fr\/wp-json\/wp\/v2\/posts\/359836","targetHints":{"allow":["GET"]}}],"collection":[{"href":"https:\/\/www.europesays.com\/fr\/wp-json\/wp\/v2\/posts"}],"about":[{"href":"https:\/\/www.europesays.com\/fr\/wp-json\/wp\/v2\/types\/post"}],"author":[{"embeddable":true,"href":"https:\/\/www.europesays.com\/fr\/wp-json\/wp\/v2\/users\/2"}],"replies":[{"embeddable":true,"href":"https:\/\/www.europesays.com\/fr\/wp-json\/wp\/v2\/comments?post=359836"}],"version-history":[{"count":0,"href":"https:\/\/www.europesays.com\/fr\/wp-json\/wp\/v2\/posts\/359836\/revisions"}],"wp:featuredmedia":[{"embeddable":true,"href":"https:\/\/www.europesays.com\/fr\/wp-json\/wp\/v2\/media\/359837"}],"wp:attachment":[{"href":"https:\/\/www.europesays.com\/fr\/wp-json\/wp\/v2\/media?parent=359836"}],"wp:term":[{"taxonomy":"category","embeddable":true,"href":"https:\/\/www.europesays.com\/fr\/wp-json\/wp\/v2\/categories?post=359836"},{"taxonomy":"post_tag","embeddable":true,"href":"https:\/\/www.europesays.com\/fr\/wp-json\/wp\/v2\/tags?post=359836"}],"curies":[{"name":"wp","href":"https:\/\/api.w.org\/{rel}","templated":true}]}}