{"id":359838,"date":"2025-09-02T03:34:22","date_gmt":"2025-09-02T03:34:22","guid":{"rendered":"https:\/\/www.europesays.com\/fr\/359838\/"},"modified":"2025-09-02T03:34:22","modified_gmt":"2025-09-02T03:34:22","slug":"les-guyaniens-ont-vote-pour-elire-leur-president-appele-a-gerer-la-manne-petroliere-actualites","status":"publish","type":"post","link":"https:\/\/www.europesays.com\/fr\/359838\/","title":{"rendered":"Les Guyaniens ont vot\u00e9 pour \u00e9lire leur pr\u00e9sident, appel\u00e9 \u00e0 g\u00e9rer la manne p\u00e9troli\u00e8re : Actualit\u00e9s"},"content":{"rendered":"<p class=\"lead \">Les Guyaniens ont vot\u00e9 lundi pour \u00e9lire leurs d\u00e9put\u00e9s et leur pr\u00e9sident, appel\u00e9s \u00e0 g\u00e9rer l&rsquo;\u00e9norme manne p\u00e9troli\u00e8re de ce pays d&rsquo;Am\u00e9rique du Sud disposant des plus grandes r\u00e9serves de brut de la plan\u00e8te par habitant, sur fond de tensions avec le Venezuela voisin.<\/p>\n<p class=\"lead \">\u00ab\u00a0Les bureaux ont probablement tous ferm\u00e9 et proc\u00e8dent au d\u00e9pouillement\u00a0\u00bb, a affirm\u00e9 vers 20h (00H00 GMT) Yolanda Ward, la porte-parole de la commission \u00e9lectorale (Gecom), soulignant que les bureaux sont tenus de rester ouverts l\u00e0 o\u00f9 il y a une queue. \u00ab\u00a0La journ\u00e9e s&rsquo;est bien pass\u00e9e\u00a0\u00bb malgr\u00e9 quelques petits incidents, a-t-elle ajout\u00e9.<\/p>\n<p class=\"lead \">Les r\u00e9sultats sont attendus au mieux jeudi, avait annonc\u00e9 Gecom dimanche. Ces \u00e9lections sont complexes d&rsquo;un point de vue logistique, la for\u00eat tropicale recouvrant \u00e0 plus de 95% ce pays de 850.000 habitants. <\/p>\n<p class=\"lead \">\u00ab\u00a0Jusqu&rsquo;ici tout va bien\u00a0\u00bb, a estim\u00e9 Mike Singh, observateur de Transparency International, estimant toutefois que l&rsquo;attente jusqu&rsquo;\u00e0 jeudi des r\u00e9sultats \u00e9tait une \u00ab\u00a0recette pour un d\u00e9sastre\u00a0\u00bb.  <\/p>\n<p class=\"lead \">Les relations avec le voisin v\u00e9n\u00e9zu\u00e9lien et le th\u00e8me de l&rsquo;Essequibo, r\u00e9gion riche en p\u00e9trole revendiqu\u00e9e par Caracas, ont fait irruption dans la journ\u00e9e de vote. <\/p>\n<p class=\"lead \">Le pr\u00e9sident sortant et candidat \u00e0 sa succession Irfaan Ali a notamment apport\u00e9 lundi son soutien au d\u00e9ploiement militaire des Etats-Unis dans les Cara\u00efbes. \u00ab\u00a0Nous soutiendrons tout ce qui permettra d&rsquo;\u00e9liminer toute menace \u00e0 notre s\u00e9curit\u00e9 (&#8230;) Nous devons tous nous unir pour combattre la criminalit\u00e9 transnationale, lutter contre le trafic de drogue\u00a0\u00bb, a-t-il affirm\u00e9 \u00e0 des journalistes juste apr\u00e8s avoir vot\u00e9 \u00e0 Leonora.<\/p>\n<p class=\"lead \">Dimanche soir, le Guyana avait d\u00e9nonc\u00e9 des coups de feu tir\u00e9s depuis le Venezuela sur un de ses bateaux. \u00ab\u00a0Les forces de s\u00e9curit\u00e9 sont en \u00e9tat d&rsquo;alerte maximale. Elles sont pr\u00eates. Nous en avons parl\u00e9 tout au long de la campagne: le Venezuela est une menace\u00a0\u00bb, a insist\u00e9 le pr\u00e9sident.<\/p>\n<p class=\"lead \">Le ministre v\u00e9n\u00e9zu\u00e9lien de la D\u00e9fense, Vladimir Padrino Lopez, a d\u00e9nonc\u00e9 \u00ab\u00a0un fake\u00a0\u00bb et accus\u00e9 le Guyana de vouloir ouvrir un \u00ab\u00a0front de guerre\u00a0\u00bb.<\/p>\n<p class=\"lead \">Interrog\u00e9 sur la possibilit\u00e9 d&rsquo;\u00e9vincer le pr\u00e9sident v\u00e9n\u00e9zu\u00e9lien Nicolas Maduro du pouvoir, M. Ali a dit ne pas vouloir \u00ab\u00a0aborder ce sujet aujourd&rsquo;hui\u00a0\u00bb, jour de \u00ab\u00a0vote pour la victoire\u00a0\u00bb.<\/p>\n<p class=\"lead \">Selon la plupart des observateurs, trois favoris se d\u00e9tachent: Irfaan Ali (Parti populaire Progressiste PPP\/C, centre gauche), l&rsquo;opposant Aubrey Norton (APNU, Partenariat pour une nouvelle unit\u00e9, gauche) et le populiste Azruddin Mohamed, parfois surnomm\u00e9 le \u00ab\u00a0Trump Guyanien\u00a0\u00bb, un milliardaire qui vient de cr\u00e9er son parti WIN (Gagner\/Nous investissons dans la nation) pour bouleverser le syst\u00e8me bipartite.<\/p>\n<p class=\"lead \">&#8211; \u00ab\u00a0Plus d&rsquo;argent\u00a0\u00bb &#8211;<\/p>\n<p class=\"lead \">Le vote se dessine traditionnellement autour des lignes ethniques entre les populations d&rsquo;origine indienne (PPP\/C) et celles afro-guyaniennes (APNU).<\/p>\n<p class=\"lead \">\u00ab\u00a0A moins d&rsquo;irr\u00e9gularit\u00e9s, je pense que je serai\u00a0\u00bb le prochain pr\u00e9sident, a affirm\u00e9 lundi \u00e0 l&rsquo;AFP Aubrey Norton, en sortant du bureau de vote de Plaisance, bastion de son mouvement. \u00ab\u00a0Nous avons travaill\u00e9 dur pour mobiliser les gens\u00a0\u00bb, a poursuivi le candidat, qui, pendant la campagne \u00e9lectorale, a promis \u00ab\u00a0de d\u00e9barrasser la soci\u00e9t\u00e9 du PPP et de la pauvret\u00e9\u00a0\u00bb.<\/p>\n<p class=\"lead \">\u00ab\u00a0C&rsquo;est la premi\u00e8re fois (que je vote). J&rsquo;ai vot\u00e9 pour Norton. Parce qu&rsquo;il est l&rsquo;un des meilleurs responsables politiques. J&rsquo;attends avec impatience le meilleur pour le Guyana\u00a0\u00bb, a dit Grace Miller, 21 ans, qui a d\u00e9pos\u00e9 son bulletin de vote avec son b\u00e9b\u00e9 dans les bras.<\/p>\n<p class=\"lead \">Azruddin Mohamed, qui a fait fortune dans l&rsquo;or et est sanctionn\u00e9 par les Etats-Unis pour \u00e9vasion fiscale, promet de donner un coup de pied dans la fourmili\u00e8re. Il affirme pouvoir l&#8217;emporter \u00ab\u00a0parce que nous avons le soutien des communaut\u00e9s noires, indiennes et autochtones\u00a0\u00bb.<\/p>\n<p class=\"lead \">Le scrutin est \u00e0 un tour. Est \u00e9lu chef de l&rsquo;Etat le candidat dont le parti a recueilli le plus de voix. Il peut en th\u00e9orie donc \u00eatre en minorit\u00e9 au Parlement. <\/p>\n<p class=\"lead \">Le vainqueur g\u00e9rera la manne p\u00e9troli\u00e8re qui a permis de quadrupler en cinq ans le budget de l&rsquo;Etat (6,7 milliards de dollars en 2025) avec la plus forte croissance \u00e9conomique d&rsquo;Am\u00e9rique latine (43,6% en 2024). Le Guyana, qui a commenc\u00e9 l&rsquo;exploitation p\u00e9troli\u00e8re en 2019, esp\u00e8re faire passer sa production de 650.000 barils par jour \u00e0 plus d&rsquo;un million en 2030.<\/p>\n<p class=\"lead \">Les favoris promettent tous trois de \u00ab\u00a0mettre plus d&rsquo;argent dans les poches\u00a0\u00bb des Guyaniens, de d\u00e9velopper le pays, d&rsquo;am\u00e9liorer les services de sant\u00e9 et d&rsquo;\u00e9ducation ou d&rsquo;augmenter les salaires, sur fond d&rsquo;explosion des prix des denr\u00e9es alimentaires.<\/p>\n<p class=\"small font-weight-bold text-gray3 \"> publi\u00e9 le 2 septembre \u00e0 02h25, AFP<\/p>\n<p>                             Partager<\/p>\n","protected":false},"excerpt":{"rendered":"Les Guyaniens ont vot\u00e9 lundi pour \u00e9lire leurs d\u00e9put\u00e9s et leur pr\u00e9sident, appel\u00e9s \u00e0 g\u00e9rer l&rsquo;\u00e9norme manne p\u00e9troli\u00e8re&hellip;\n","protected":false},"author":2,"featured_media":359839,"comment_status":"","ping_status":"","sticky":false,"template":"","format":"standard","meta":{"footnotes":""},"categories":[5],"tags":[11910,14427,11,312,1011,27,843,25144,14,12,18472,1050,8131,337,28],"class_list":{"0":"post-359838","1":"post","2":"type-post","3":"status-publish","4":"format-standard","5":"has-post-thumbnail","7":"category-international","8":"tag-lections","9":"tag-nergie","10":"tag-actualites","11":"tag-diplomatie","12":"tag-fr","13":"tag-france","14":"tag-gaz","15":"tag-guyana","16":"tag-international","17":"tag-news","18":"tag-ptrole","19":"tag-parlement","20":"tag-production","21":"tag-venezuela","22":"tag-world"},"share_on_mastodon":{"url":"https:\/\/pubeurope.com\/@fr\/115132606967140953","error":""},"_links":{"self":[{"href":"https:\/\/www.europesays.com\/fr\/wp-json\/wp\/v2\/posts\/359838","targetHints":{"allow":["GET"]}}],"collection":[{"href":"https:\/\/www.europesays.com\/fr\/wp-json\/wp\/v2\/posts"}],"about":[{"href":"https:\/\/www.europesays.com\/fr\/wp-json\/wp\/v2\/types\/post"}],"author":[{"embeddable":true,"href":"https:\/\/www.europesays.com\/fr\/wp-json\/wp\/v2\/users\/2"}],"replies":[{"embeddable":true,"href":"https:\/\/www.europesays.com\/fr\/wp-json\/wp\/v2\/comments?post=359838"}],"version-history":[{"count":0,"href":"https:\/\/www.europesays.com\/fr\/wp-json\/wp\/v2\/posts\/359838\/revisions"}],"wp:featuredmedia":[{"embeddable":true,"href":"https:\/\/www.europesays.com\/fr\/wp-json\/wp\/v2\/media\/359839"}],"wp:attachment":[{"href":"https:\/\/www.europesays.com\/fr\/wp-json\/wp\/v2\/media?parent=359838"}],"wp:term":[{"taxonomy":"category","embeddable":true,"href":"https:\/\/www.europesays.com\/fr\/wp-json\/wp\/v2\/categories?post=359838"},{"taxonomy":"post_tag","embeddable":true,"href":"https:\/\/www.europesays.com\/fr\/wp-json\/wp\/v2\/tags?post=359838"}],"curies":[{"name":"wp","href":"https:\/\/api.w.org\/{rel}","templated":true}]}}