{"id":359849,"date":"2025-09-02T03:40:25","date_gmt":"2025-09-02T03:40:25","guid":{"rendered":"https:\/\/www.europesays.com\/fr\/359849\/"},"modified":"2025-09-02T03:40:25","modified_gmt":"2025-09-02T03:40:25","slug":"la-circulation-fortement-perturbee-les-nuits-prochaines-entre-nancy-et-metz","status":"publish","type":"post","link":"https:\/\/www.europesays.com\/fr\/359849\/","title":{"rendered":"la circulation fortement perturb\u00e9e les nuits prochaines entre Nancy et Metz"},"content":{"rendered":"<p>            Par<br \/>\n        <strong><br \/>\n            <a href=\"https:\/\/actu.fr\/auteur\/pierre-emile-bouchy-actu-fr\" title=\"Consulter tous les articles de Paul-Emile Bouchy\" target=\"_blank\" rel=\"noopener\">Paul-Emile Bouchy<\/a><br \/>\n        <\/strong><\/p>\n<p>        Publi\u00e9 le<\/p>\n<p>            1 sept. 2025 \u00e0 11h38        <\/p>\n<p>Depuis leur d\u00e9but en 2021, <a href=\"https:\/\/actu.fr\/grand-est\/autreville-sur-moselle_54031\/travaux-sur-l-a31-l-autoroute-coupee-plusieurs-fois-a-la-circulation-jusqu-au-printemps-2025_60435092.html\" target=\"_blank\" rel=\"noopener\">les travaux de r\u00e9novation du viaduc d\u2019Autreville<\/a> (Meurthe-et-Moselle) sur l\u2019<a href=\"https:\/\/actu.fr\/tag\/autoroute-31-a31\" target=\"_blank\" rel=\"noopener\">autoroute A31<\/a> engendrent r\u00e9guli\u00e8rement <strong>des modifications de circulation<\/strong>, comme cela a \u00e9t\u00e9 le cas <a href=\"https:\/\/actu.fr\/grand-est\/autreville-sur-moselle_54031\/lorraine-travaux-sur-l-autoroute-a31-de-nouvelles-perturbations-prevues-fin-aout-voici-lesquelles_63057261.html\" target=\"_blank\" rel=\"noopener\">fin ao\u00fbt<\/a>.<\/p>\n<p class=\" wall-content\">Des perturbations vont de nouveau avoir lieu d\u00e8s ce lundi soir et <strong>pendant plusieurs nuits entre Nancy et Metz<\/strong>. On fait le point.<\/p>\n<p>La circulation coup\u00e9e durant une nuit sur l\u2019A31<\/p>\n<p class=\" wall-content\">Dans un communiqu\u00e9 de presse, la DIR Est pr\u00e9cise que les travaux entra\u00eeneront les perturbations suivantes\u2009:<\/p>\n<ul class=\" wall-content\">\n<li><strong>coupure de la circulation<\/strong> <strong>la nuit du mardi\u00a02 au mercredi 3\u00a0septembre<\/strong> (20h-6h) entre Belleville et Lesm\u00e9nils dans les deux sens\u2009;<\/li>\n<li><strong>neutralisation de la voie de droite les nuits du lundi 1\u1d49\u02b3 au mardi 2\u00a0septembre et du mercredi\u00a03 au jeudi 4\u00a0septembre<\/strong> (20h-6h) dans le sens Nancy-Metz.<\/li>\n<\/ul>\n<p>Des d\u00e9viations pr\u00e9vues<\/p>\n<p class=\" wall-content\">Pour guider les automobilistes, des d\u00e9viations seront mises en place\u2009:<\/p>\n<ul class=\" wall-content\">\n<li>dans le sens Nancy-Metz, les usagers emprunteront <strong>l\u2019itin\u00e9raire S13<\/strong> <strong>jusqu\u2019\u00e0 l\u2019\u00e9changeur de Lesm\u00e9nils<\/strong> (par Pont-\u00e0-Mousson)\u2009;<\/li>\n<li>dans le sens Metz-Nancy, les usagers emprunteront <strong>l\u2019itin\u00e9raire S14<\/strong> <strong>jusqu\u2019\u00e0 l\u2019\u00e9changeur de Belleville<\/strong> (par Pont-\u00e0-Mousson).<\/li>\n<\/ul>\n<p class=\" wall-content\">La circulation sera r\u00e9tablie chaque fois \u00e0 partir de 6h du matin.<\/p>\n<p class=\" wall-content\">Personnalisez votre actualit\u00e9 en ajoutant vos villes et m\u00e9dias en favori avec <a href=\"https:\/\/moncompte.actu.fr\" title=\"D\u00e9couvez Mon Actu\" rel=\"nofollow noopener\" data-trk=\"{&quot;cta&quot;:{&quot;action&quot;:&quot;https:\\\/\\\/moncompte.actu.fr&quot;,&quot;category&quot;:&quot;mon compte&quot;,&quot;from&quot;:&quot;article footer&quot;,&quot;name&quot;:&quot;Mon actu&quot;,&quot;type&quot;:&quot;cta&quot;}}\" target=\"_blank\">Mon Actu<\/a>.<\/p>\n","protected":false},"excerpt":{"rendered":"Par Paul-Emile Bouchy Publi\u00e9 le 1 sept. 2025 \u00e0 11h38 Depuis leur d\u00e9but en 2021, les travaux de&hellip;\n","protected":false},"author":2,"featured_media":173391,"comment_status":"","ping_status":"","sticky":false,"template":"","format":"standard","meta":{"footnotes":""},"categories":[9635],"tags":[1111,11,13404,3542,1777,674,1011,27,775,1702,12,25,104,2086],"class_list":{"0":"post-359849","1":"post","2":"type-post","3":"status-publish","4":"format-standard","5":"has-post-thumbnail","7":"category-nancy","8":"tag-actu","9":"tag-actualites","10":"tag-autoroute-31-a31","11":"tag-circulation","12":"tag-eu","13":"tag-europe","14":"tag-fr","15":"tag-france","16":"tag-grand-est","17":"tag-nancy","18":"tag-news","19":"tag-republique-francaise","20":"tag-societe","21":"tag-travaux"},"share_on_mastodon":{"url":"https:\/\/pubeurope.com\/@fr\/115132630544351544","error":""},"_links":{"self":[{"href":"https:\/\/www.europesays.com\/fr\/wp-json\/wp\/v2\/posts\/359849","targetHints":{"allow":["GET"]}}],"collection":[{"href":"https:\/\/www.europesays.com\/fr\/wp-json\/wp\/v2\/posts"}],"about":[{"href":"https:\/\/www.europesays.com\/fr\/wp-json\/wp\/v2\/types\/post"}],"author":[{"embeddable":true,"href":"https:\/\/www.europesays.com\/fr\/wp-json\/wp\/v2\/users\/2"}],"replies":[{"embeddable":true,"href":"https:\/\/www.europesays.com\/fr\/wp-json\/wp\/v2\/comments?post=359849"}],"version-history":[{"count":0,"href":"https:\/\/www.europesays.com\/fr\/wp-json\/wp\/v2\/posts\/359849\/revisions"}],"wp:featuredmedia":[{"embeddable":true,"href":"https:\/\/www.europesays.com\/fr\/wp-json\/wp\/v2\/media\/173391"}],"wp:attachment":[{"href":"https:\/\/www.europesays.com\/fr\/wp-json\/wp\/v2\/media?parent=359849"}],"wp:term":[{"taxonomy":"category","embeddable":true,"href":"https:\/\/www.europesays.com\/fr\/wp-json\/wp\/v2\/categories?post=359849"},{"taxonomy":"post_tag","embeddable":true,"href":"https:\/\/www.europesays.com\/fr\/wp-json\/wp\/v2\/tags?post=359849"}],"curies":[{"name":"wp","href":"https:\/\/api.w.org\/{rel}","templated":true}]}}